{"id":12169,"date":"2022-09-05T12:13:17","date_gmt":"2022-09-05T10:13:17","guid":{"rendered":"https:\/\/www.prva.hr\/?p=12169"},"modified":"2022-09-05T15:45:15","modified_gmt":"2022-09-05T13:45:15","slug":"proglasenje-i-dodjela-nagrade-za-najrazred-i-gimnazije-2021-22","status":"publish","type":"post","link":"https:\/\/prva.hr\/index.php\/2022\/09\/05\/proglasenje-i-dodjela-nagrade-za-najrazred-i-gimnazije-2021-22\/","title":{"rendered":"Progla\u0161enje i dodjela nagrade za Nabolji razred I. gimnazije 2021.\/22."},"content":{"rendered":"<p>Prvi dan \u0161kole po\u010deli smo pozitivno i sve\u010dano progla\u0161enjem <strong>Najboljeg razreda I. gimnazije za \u0161k. god 2021.\/22.<\/strong><\/p>\n<p>Naslov Najrazreda\u00a0 i izniman uspjeh postigli su u\u010denici i u\u010denice pro\u0161logodi\u0161njeg<strong> 4. b razreda<\/strong>\u00a0razrednice\u00a0 prof. Gordane Sekuli\u0107 \u0160tiv\u010devi\u0107,\u00a0 kao jedini\u00a0razred koji je \u010detiri godine za redom osvojio titulu Najrazreda I. gimnazije.<\/p>\n<p>U cilju afirmacije pozitivnih vrijednosti i poticanja izvrsnosti, I. gimnazija\u00a0 ve\u0107 niz godina provodi <strong>projekt &#8220;Najbolji razred I. gimnazije&#8221;<\/strong>. Uspje\u0161nost razreda procjenjuje se temeljem 10 kategorija, prema unaprijed utvr\u0111enim kriterijima: srednja ocjena razreda, broj izostanaka, odgojne mjere, humanitarni rad, natjecanja, izvannastavne aktivnosti, sudjelovanje u \u0161kolskim doga\u0111anjima, najsportskiji razred, posu\u0111ivanje knjiga u \u0161k. knji\u017enici, razredno ozra\u010dje. Projekt traje tijekom nastavne godine, u procjenjivanje su uklju\u010deni svi \u010dlanovi Nastavni\u010dkog vije\u0107a, a progla\u0161enje i nagra\u0111ivanje je na zavr\u0161noj priredbi ili po\u010detkom nove \u0161kolske godine.<\/p>\n<p>U\u010denici i u\u010denice 4.b razreda prigodno su nagra\u0111eni majicama s logom \u0161kole\u00a0 &#8211; Najbolji razred I. gimnazije \u0161k.god. 2021.\/22.<\/p>\n<p>Na drugom mjestu je 4.a razred, a na tre\u0107em\u00a0 u\u010denici i u\u010denice 4.d razreda. \u010cestitamo svima!<\/p>\n<p><img decoding=\"async\" class=\"alignnone size-medium wp-image-12175 lazyload\" data-src=\"https:\/\/www.prva.hr\/wp-content\/uploads\/2022\/09\/4b5-300x300.jpg\" alt=\"\" width=\"300\" height=\"300\" data-srcset=\"https:\/\/prva.hr\/wp-content\/uploads\/2022\/09\/4b5-300x300.jpg 300w, https:\/\/prva.hr\/wp-content\/uploads\/2022\/09\/4b5-150x150.jpg 150w, https:\/\/prva.hr\/wp-content\/uploads\/2022\/09\/4b5-768x768.jpg 768w, https:\/\/prva.hr\/wp-content\/uploads\/2022\/09\/4b5-1024x1024.jpg 1024w\" data-sizes=\"(max-width: 300px) 100vw, 300px\" src=\"data:image\/svg+xml;base64,PHN2ZyB3aWR0aD0iMSIgaGVpZ2h0PSIxIiB4bWxucz0iaHR0cDovL3d3dy53My5vcmcvMjAwMC9zdmciPjwvc3ZnPg==\" style=\"--smush-placeholder-width: 300px; --smush-placeholder-aspect-ratio: 300\/300;\" \/>\u00a0 \u00a0 \u00a0 \u00a0 \u00a0<img decoding=\"async\" class=\"alignnone size-medium wp-image-12176 lazyload\" data-src=\"https:\/\/www.prva.hr\/wp-content\/uploads\/2022\/09\/4b3-300x300.jpg\" alt=\"\" width=\"300\" height=\"300\" data-srcset=\"https:\/\/prva.hr\/wp-content\/uploads\/2022\/09\/4b3-300x300.jpg 300w, https:\/\/prva.hr\/wp-content\/uploads\/2022\/09\/4b3-150x150.jpg 150w, https:\/\/prva.hr\/wp-content\/uploads\/2022\/09\/4b3-768x768.jpg 768w, https:\/\/prva.hr\/wp-content\/uploads\/2022\/09\/4b3-1024x1024.jpg 1024w\" data-sizes=\"(max-width: 300px) 100vw, 300px\" src=\"data:image\/svg+xml;base64,PHN2ZyB3aWR0aD0iMSIgaGVpZ2h0PSIxIiB4bWxucz0iaHR0cDovL3d3dy53My5vcmcvMjAwMC9zdmciPjwvc3ZnPg==\" style=\"--smush-placeholder-width: 300px; --smush-placeholder-aspect-ratio: 300\/300;\" \/>\u00a0 \u00a0 \u00a0\u00a0<img decoding=\"async\" class=\"alignnone size-medium wp-image-12177 lazyload\" data-src=\"https:\/\/www.prva.hr\/wp-content\/uploads\/2022\/09\/4b2-300x300.jpg\" alt=\"\" width=\"300\" height=\"300\" data-srcset=\"https:\/\/prva.hr\/wp-content\/uploads\/2022\/09\/4b2-300x300.jpg 300w, https:\/\/prva.hr\/wp-content\/uploads\/2022\/09\/4b2-150x150.jpg 150w, https:\/\/prva.hr\/wp-content\/uploads\/2022\/09\/4b2-768x768.jpg 768w, https:\/\/prva.hr\/wp-content\/uploads\/2022\/09\/4b2-1024x1024.jpg 1024w\" data-sizes=\"(max-width: 300px) 100vw, 300px\" src=\"data:image\/svg+xml;base64,PHN2ZyB3aWR0aD0iMSIgaGVpZ2h0PSIxIiB4bWxucz0iaHR0cDovL3d3dy53My5vcmcvMjAwMC9zdmciPjwvc3ZnPg==\" style=\"--smush-placeholder-width: 300px; --smush-placeholder-aspect-ratio: 300\/300;\" \/><\/p>\n<p>Progla\u0161enje i dodjela nagrade za Najbolji razred I. gimnazije \u0161k. god. 2021.\/22.<\/p>\n","protected":false},"excerpt":{"rendered":"<p>Prvi dan \u0161kole po\u010deli smo pozitivno i sve\u010dano progla\u0161enjem Najboljeg razreda I. gimnazije za \u0161k. god 2021.\/22. Naslov Najrazreda\u00a0 i izniman uspjeh postigli su u\u010denici i u\u010denice pro\u0161logodi\u0161njeg 4. b razreda\u00a0razrednice\u00a0 prof. Gordane Sekuli\u0107 \u0160tiv\u010devi\u0107,\u00a0 kao jedini\u00a0razred koji je \u010detiri godine za redom osvojio titulu Najrazreda I. gimnazije. U cilju afirmacije pozitivnih vrijednosti i poticanja [&hellip;]<\/p>\n","protected":false},"author":6,"featured_media":12174,"comment_status":"closed","ping_status":"closed","sticky":false,"template":"","format":"standard","meta":{"_et_pb_use_builder":"","_et_pb_old_content":"","_et_gb_content_width":"","footnotes":""},"categories":[65,6,4],"tags":[],"class_list":["post-12169","post","type-post","status-publish","format-standard","has-post-thumbnail","hentry","category-aktivnosti-projekti-promicanje-izvrsnosti","category-aktualna-dogadanja","category-najnovije-vijesti"],"_links":{"self":[{"href":"https:\/\/prva.hr\/index.php\/wp-json\/wp\/v2\/posts\/12169","targetHints":{"allow":["GET"]}}],"collection":[{"href":"https:\/\/prva.hr\/index.php\/wp-json\/wp\/v2\/posts"}],"about":[{"href":"https:\/\/prva.hr\/index.php\/wp-json\/wp\/v2\/types\/post"}],"author":[{"embeddable":true,"href":"https:\/\/prva.hr\/index.php\/wp-json\/wp\/v2\/users\/6"}],"replies":[{"embeddable":true,"href":"https:\/\/prva.hr\/index.php\/wp-json\/wp\/v2\/comments?post=12169"}],"version-history":[{"count":12,"href":"https:\/\/prva.hr\/index.php\/wp-json\/wp\/v2\/posts\/12169\/revisions"}],"predecessor-version":[{"id":12189,"href":"https:\/\/prva.hr\/index.php\/wp-json\/wp\/v2\/posts\/12169\/revisions\/12189"}],"wp:featuredmedia":[{"embeddable":true,"href":"https:\/\/prva.hr\/index.php\/wp-json\/wp\/v2\/media\/12174"}],"wp:attachment":[{"href":"https:\/\/prva.hr\/index.php\/wp-json\/wp\/v2\/media?parent=12169"}],"wp:term":[{"taxonomy":"category","embeddable":true,"href":"https:\/\/prva.hr\/index.php\/wp-json\/wp\/v2\/categories?post=12169"},{"taxonomy":"post_tag","embeddable":true,"href":"https:\/\/prva.hr\/index.php\/wp-json\/wp\/v2\/tags?post=12169"}],"curies":[{"name":"wp","href":"https:\/\/api.w.org\/{rel}","templated":true}]}}