{"id":12277,"date":"2022-09-15T09:30:55","date_gmt":"2022-09-15T07:30:55","guid":{"rendered":"https:\/\/www.prva.hr\/?p=12277"},"modified":"2022-09-15T23:31:13","modified_gmt":"2022-09-15T21:31:13","slug":"putovanje-u-rim","status":"publish","type":"post","link":"https:\/\/prva.hr\/index.php\/2022\/09\/15\/putovanje-u-rim\/","title":{"rendered":"Putovanje u Rim"},"content":{"rendered":"<p>U razdoblju od 30.08. do 3.09. u\u010denice 3.b i 3.d razreda Tia Tur\u010din, Anja Makek, Marta Rimac i Marta Predrijevac zajedno s mentoricom Barbarom Ka\u010dar uputile su se na nagradno putovanje u Italiju za u\u010denike koji su ostvarili najbolje rezultate na Dr\u017eavnom natjecanju iz vjeronauka, Vjeronau\u010dnoj olimpijadi. Posjetile su An\u0111eosku tvr\u0111avu, Trg Navonu, Panteon, crkvu. sv. Ignacija, Fontanu di Trevi, \u0160panjolske stube, zavod sv. Jeronima, Trg sv. Petra i Baziliku sv. Petra, Baziliku sv. Pavla, Katakombe sv. Kalista, Rimski forum i Koloseum te mnoge druge znamenitosti. Sudjelovale su i na op\u0107oj audijenciji s papom odr\u017eanoj u dvorani Pavla VI. Na povratku su posjetile grad Assisi.<\/p>\n<p>Ovim putem zahvaljuju Hrvatskoj biskupskoj konferenciji \u0161to je u\u010denicima darovala putovanje, g\u0111a. Aniti Vrani\u0107 voditeljici puta u ime Nacionalnog katehetskog ureda HBK i ravnateljici I. gimnazije Dunji Maru\u0161i\u0107 Brezeti\u0107 \u0161to je od po\u010detka sezone natjecanja podr\u017eala u\u010denice, mentoricu i ideju putovanja.<\/p>\n<p><img decoding=\"async\" class=\"size-medium wp-image-12279 aligncenter lazyload\" data-src=\"https:\/\/www.prva.hr\/wp-content\/uploads\/2022\/09\/IMG_4957-300x225.jpg\" alt=\"\" width=\"300\" height=\"225\" data-srcset=\"https:\/\/prva.hr\/wp-content\/uploads\/2022\/09\/IMG_4957-300x225.jpg 300w, https:\/\/prva.hr\/wp-content\/uploads\/2022\/09\/IMG_4957-768x575.jpg 768w, https:\/\/prva.hr\/wp-content\/uploads\/2022\/09\/IMG_4957-1024x767.jpg 1024w, https:\/\/prva.hr\/wp-content\/uploads\/2022\/09\/IMG_4957-400x300.jpg 400w, https:\/\/prva.hr\/wp-content\/uploads\/2022\/09\/IMG_4957.jpg 1242w\" data-sizes=\"(max-width: 300px) 100vw, 300px\" src=\"data:image\/svg+xml;base64,PHN2ZyB3aWR0aD0iMSIgaGVpZ2h0PSIxIiB4bWxucz0iaHR0cDovL3d3dy53My5vcmcvMjAwMC9zdmciPjwvc3ZnPg==\" style=\"--smush-placeholder-width: 300px; --smush-placeholder-aspect-ratio: 300\/225;\" \/><\/p>\n<p><img decoding=\"async\" class=\"size-medium wp-image-12280 aligncenter lazyload\" data-src=\"https:\/\/www.prva.hr\/wp-content\/uploads\/2022\/09\/IMG_4959-300x247.jpg\" alt=\"\" width=\"300\" height=\"247\" data-srcset=\"https:\/\/prva.hr\/wp-content\/uploads\/2022\/09\/IMG_4959-300x247.jpg 300w, https:\/\/prva.hr\/wp-content\/uploads\/2022\/09\/IMG_4959-768x633.jpg 768w, https:\/\/prva.hr\/wp-content\/uploads\/2022\/09\/IMG_4959-1024x843.jpg 1024w, https:\/\/prva.hr\/wp-content\/uploads\/2022\/09\/IMG_4959-364x300.jpg 364w, https:\/\/prva.hr\/wp-content\/uploads\/2022\/09\/IMG_4959.jpg 1128w\" data-sizes=\"(max-width: 300px) 100vw, 300px\" src=\"data:image\/svg+xml;base64,PHN2ZyB3aWR0aD0iMSIgaGVpZ2h0PSIxIiB4bWxucz0iaHR0cDovL3d3dy53My5vcmcvMjAwMC9zdmciPjwvc3ZnPg==\" style=\"--smush-placeholder-width: 300px; --smush-placeholder-aspect-ratio: 300\/247;\" \/><\/p>\n<p>&nbsp;<\/p>\n","protected":false},"excerpt":{"rendered":"<p>U razdoblju od 30.08. do 3.09. u\u010denice 3.b i 3.d razreda Tia Tur\u010din, Anja Makek, Marta Rimac i Marta Predrijevac zajedno s mentoricom Barbarom Ka\u010dar uputile su se na nagradno putovanje u Italiju za u\u010denike koji su ostvarili najbolje rezultate na Dr\u017eavnom natjecanju iz vjeronauka, Vjeronau\u010dnoj olimpijadi. Posjetile su An\u0111eosku tvr\u0111avu, Trg Navonu, Panteon, crkvu. [&hellip;]<\/p>\n","protected":false},"author":7,"featured_media":12278,"comment_status":"closed","ping_status":"closed","sticky":false,"template":"","format":"standard","meta":{"_et_pb_use_builder":"","_et_pb_old_content":"","_et_gb_content_width":"","footnotes":""},"categories":[4],"tags":[],"class_list":["post-12277","post","type-post","status-publish","format-standard","has-post-thumbnail","hentry","category-najnovije-vijesti"],"_links":{"self":[{"href":"https:\/\/prva.hr\/index.php\/wp-json\/wp\/v2\/posts\/12277","targetHints":{"allow":["GET"]}}],"collection":[{"href":"https:\/\/prva.hr\/index.php\/wp-json\/wp\/v2\/posts"}],"about":[{"href":"https:\/\/prva.hr\/index.php\/wp-json\/wp\/v2\/types\/post"}],"author":[{"embeddable":true,"href":"https:\/\/prva.hr\/index.php\/wp-json\/wp\/v2\/users\/7"}],"replies":[{"embeddable":true,"href":"https:\/\/prva.hr\/index.php\/wp-json\/wp\/v2\/comments?post=12277"}],"version-history":[{"count":1,"href":"https:\/\/prva.hr\/index.php\/wp-json\/wp\/v2\/posts\/12277\/revisions"}],"predecessor-version":[{"id":12281,"href":"https:\/\/prva.hr\/index.php\/wp-json\/wp\/v2\/posts\/12277\/revisions\/12281"}],"wp:featuredmedia":[{"embeddable":true,"href":"https:\/\/prva.hr\/index.php\/wp-json\/wp\/v2\/media\/12278"}],"wp:attachment":[{"href":"https:\/\/prva.hr\/index.php\/wp-json\/wp\/v2\/media?parent=12277"}],"wp:term":[{"taxonomy":"category","embeddable":true,"href":"https:\/\/prva.hr\/index.php\/wp-json\/wp\/v2\/categories?post=12277"},{"taxonomy":"post_tag","embeddable":true,"href":"https:\/\/prva.hr\/index.php\/wp-json\/wp\/v2\/tags?post=12277"}],"curies":[{"name":"wp","href":"https:\/\/api.w.org\/{rel}","templated":true}]}}