{"id":12318,"date":"2022-09-21T11:56:46","date_gmt":"2022-09-21T09:56:46","guid":{"rendered":"https:\/\/www.prva.hr\/?p=12318"},"modified":"2022-09-21T11:56:46","modified_gmt":"2022-09-21T09:56:46","slug":"obiljezavanje-medunarodnog-dana-mira-21-9","status":"publish","type":"post","link":"https:\/\/prva.hr\/index.php\/2022\/09\/21\/obiljezavanje-medunarodnog-dana-mira-21-9\/","title":{"rendered":"Obilje\u017eavanje Me\u0111unarodnog dana mira 21.9."},"content":{"rendered":"<p><b>Me\u0111unarodni dan mira<\/b>\u00a0obilje\u017eava se\u00a0<strong>21. rujna\u00a0<\/strong>svake godine. Utemeljila ga je organizacija Ujedinjenih\u00a0 naroda 1981.\u00a0godine u svrhu obilje\u017eavanja i ja\u010danja ideala\u00a0mira\u00a0me\u0111u svim\u00a0narodima\u00a0i\u00a0dr\u017eavama. Rezolucijom\u00a0Ujedinjenih naroda\u00a0iz\u00a02001.\u00a0odre\u0111en je danom\u00a0nenasilja\u00a0i prekida neprijateljstava na svjetskoj razini.<\/p>\n<p>U I. gimnaziji se na dana\u0161nji dan odr\u017eavaju dvije aktivnosti kojima nastojimo obilje\u017eiti Me\u0111unarodni dan mira i pridonijeti miru na osobnom nivou, u \u0161kolskom okru\u017eju,\u00a0 u lokalnoj\u00a0 i me\u0111unarodnoj zajednici.<\/p>\n<p>Tako u okviru <strong>\u0160kolske preventivne strategije I. gimnazije<\/strong>,\u00a0 predavanjem za nastavnike i nastavnice &#8220;Prevencija samoranjavanja i suicida kod mladih&#8221; danas po\u010dinjemo, u suradnji s Dru\u0161tvom za psiholo\u0161ku pomo\u0107, s provedbom projekta <strong>&#8220;Osvijetli mrak &#8211; podr\u0161ka mladima u brizi za mentalno zdravlje&#8221;.<\/strong><\/p>\n<p>Obilje\u017eavanju Me\u0111unarodnog dana mira,\u00a0 pridru\u017euje se i\u00a0<strong>Volonterski klub I. gimnazije<\/strong>\u00a0sudjelovanjem grupe volontera\/ki na radionici u organizaciji\u00a0 udruge &#8220;Ocean znanja&#8221; na <strong>temu volontiranja i \u0161irenja solidarnosti mladih u svijetu.<\/strong><\/p>\n","protected":false},"excerpt":{"rendered":"<p>Me\u0111unarodni dan mira\u00a0obilje\u017eava se\u00a021. rujna\u00a0svake godine. Utemeljila ga je organizacija Ujedinjenih\u00a0 naroda 1981.\u00a0godine u svrhu obilje\u017eavanja i ja\u010danja ideala\u00a0mira\u00a0me\u0111u svim\u00a0narodima\u00a0i\u00a0dr\u017eavama. Rezolucijom\u00a0Ujedinjenih naroda\u00a0iz\u00a02001.\u00a0odre\u0111en je danom\u00a0nenasilja\u00a0i prekida neprijateljstava na svjetskoj razini. U I. gimnaziji se na dana\u0161nji dan odr\u017eavaju dvije aktivnosti kojima nastojimo obilje\u017eiti Me\u0111unarodni dan mira i pridonijeti miru na osobnom nivou, u \u0161kolskom okru\u017eju,\u00a0 u [&hellip;]<\/p>\n","protected":false},"author":6,"featured_media":12322,"comment_status":"closed","ping_status":"closed","sticky":false,"template":"","format":"standard","meta":{"_et_pb_use_builder":"","_et_pb_old_content":"","_et_gb_content_width":"","footnotes":""},"categories":[45,6,13],"tags":[],"class_list":["post-12318","post","type-post","status-publish","format-standard","has-post-thumbnail","hentry","category-aktivnosti-izvannastavne-aktivnosti-volonterski-klub","category-aktualna-dogadanja","category-preventivni-program"],"_links":{"self":[{"href":"https:\/\/prva.hr\/index.php\/wp-json\/wp\/v2\/posts\/12318","targetHints":{"allow":["GET"]}}],"collection":[{"href":"https:\/\/prva.hr\/index.php\/wp-json\/wp\/v2\/posts"}],"about":[{"href":"https:\/\/prva.hr\/index.php\/wp-json\/wp\/v2\/types\/post"}],"author":[{"embeddable":true,"href":"https:\/\/prva.hr\/index.php\/wp-json\/wp\/v2\/users\/6"}],"replies":[{"embeddable":true,"href":"https:\/\/prva.hr\/index.php\/wp-json\/wp\/v2\/comments?post=12318"}],"version-history":[{"count":5,"href":"https:\/\/prva.hr\/index.php\/wp-json\/wp\/v2\/posts\/12318\/revisions"}],"predecessor-version":[{"id":12326,"href":"https:\/\/prva.hr\/index.php\/wp-json\/wp\/v2\/posts\/12318\/revisions\/12326"}],"wp:featuredmedia":[{"embeddable":true,"href":"https:\/\/prva.hr\/index.php\/wp-json\/wp\/v2\/media\/12322"}],"wp:attachment":[{"href":"https:\/\/prva.hr\/index.php\/wp-json\/wp\/v2\/media?parent=12318"}],"wp:term":[{"taxonomy":"category","embeddable":true,"href":"https:\/\/prva.hr\/index.php\/wp-json\/wp\/v2\/categories?post=12318"},{"taxonomy":"post_tag","embeddable":true,"href":"https:\/\/prva.hr\/index.php\/wp-json\/wp\/v2\/tags?post=12318"}],"curies":[{"name":"wp","href":"https:\/\/api.w.org\/{rel}","templated":true}]}}