{"id":12454,"date":"2022-10-04T20:14:33","date_gmt":"2022-10-04T18:14:33","guid":{"rendered":"https:\/\/www.prva.hr\/?p=12454"},"modified":"2022-10-04T20:18:06","modified_gmt":"2022-10-04T18:18:06","slug":"pokazna-debata-i-gimnazija-vs-v-gimnazija","status":"publish","type":"post","link":"https:\/\/prva.hr\/index.php\/2022\/10\/04\/pokazna-debata-i-gimnazija-vs-v-gimnazija\/","title":{"rendered":"Pokazna debata &#8211; I. gimnazija vs. V. gimnazija"},"content":{"rendered":"<p>U ponedjeljak, 3. listopada 2022., u\u010denice i u\u010denici prvih razreda imali su priliku upoznati se s izvannastavnom aktivnosti Debata. Tema debate bila je turbofolk. Stranu afirmacije zauzimale su na\u0161e predstavnice, Elena, Lara i Laura, a stranu negacije u\u010denici V. gimnazije. Obje strane imale su odli\u010dne argumente, ali, po izboru u\u010denika, V. gimnazija odnijela je pobjedu! Publika je imala priliku komentirati izlaganja te iznijeti svoje stavove. Na kraju, u\u010denici su pozvani upisati se na ovu izvannastavnu aktivnost. Nadamo se \u0161to ve\u0107em odazivu!<\/p>\n<p>&nbsp;<\/p>\n<p><img decoding=\"async\" class=\"size-medium wp-image-12455 aligncenter lazyload\" data-src=\"https:\/\/www.prva.hr\/wp-content\/uploads\/2022\/10\/IMG_20221003_200850-300x225.jpg\" alt=\"\" width=\"300\" height=\"225\" data-srcset=\"https:\/\/prva.hr\/wp-content\/uploads\/2022\/10\/IMG_20221003_200850-300x225.jpg 300w, https:\/\/prva.hr\/wp-content\/uploads\/2022\/10\/IMG_20221003_200850-768x576.jpg 768w, https:\/\/prva.hr\/wp-content\/uploads\/2022\/10\/IMG_20221003_200850-1024x768.jpg 1024w, https:\/\/prva.hr\/wp-content\/uploads\/2022\/10\/IMG_20221003_200850-400x300.jpg 400w, https:\/\/prva.hr\/wp-content\/uploads\/2022\/10\/IMG_20221003_200850.jpg 1504w\" data-sizes=\"(max-width: 300px) 100vw, 300px\" src=\"data:image\/svg+xml;base64,PHN2ZyB3aWR0aD0iMSIgaGVpZ2h0PSIxIiB4bWxucz0iaHR0cDovL3d3dy53My5vcmcvMjAwMC9zdmciPjwvc3ZnPg==\" style=\"--smush-placeholder-width: 300px; --smush-placeholder-aspect-ratio: 300\/225;\" \/><\/p>\n<p>&nbsp;<\/p>\n","protected":false},"excerpt":{"rendered":"<p>U ponedjeljak, 3. listopada 2022., u\u010denice i u\u010denici prvih razreda imali su priliku upoznati se s izvannastavnom aktivnosti Debata. Tema debate bila je turbofolk. Stranu afirmacije zauzimale su na\u0161e predstavnice, Elena, Lara i Laura, a stranu negacije u\u010denici V. gimnazije. Obje strane imale su odli\u010dne argumente, ali, po izboru u\u010denika, V. gimnazija odnijela je pobjedu! [&hellip;]<\/p>\n","protected":false},"author":7,"featured_media":12456,"comment_status":"closed","ping_status":"closed","sticky":false,"template":"","format":"standard","meta":{"_et_pb_use_builder":"","_et_pb_old_content":"","_et_gb_content_width":"","footnotes":""},"categories":[16,6],"tags":[],"class_list":["post-12454","post","type-post","status-publish","format-standard","has-post-thumbnail","hentry","category-debata","category-aktualna-dogadanja"],"_links":{"self":[{"href":"https:\/\/prva.hr\/index.php\/wp-json\/wp\/v2\/posts\/12454","targetHints":{"allow":["GET"]}}],"collection":[{"href":"https:\/\/prva.hr\/index.php\/wp-json\/wp\/v2\/posts"}],"about":[{"href":"https:\/\/prva.hr\/index.php\/wp-json\/wp\/v2\/types\/post"}],"author":[{"embeddable":true,"href":"https:\/\/prva.hr\/index.php\/wp-json\/wp\/v2\/users\/7"}],"replies":[{"embeddable":true,"href":"https:\/\/prva.hr\/index.php\/wp-json\/wp\/v2\/comments?post=12454"}],"version-history":[{"count":4,"href":"https:\/\/prva.hr\/index.php\/wp-json\/wp\/v2\/posts\/12454\/revisions"}],"predecessor-version":[{"id":12460,"href":"https:\/\/prva.hr\/index.php\/wp-json\/wp\/v2\/posts\/12454\/revisions\/12460"}],"wp:featuredmedia":[{"embeddable":true,"href":"https:\/\/prva.hr\/index.php\/wp-json\/wp\/v2\/media\/12456"}],"wp:attachment":[{"href":"https:\/\/prva.hr\/index.php\/wp-json\/wp\/v2\/media?parent=12454"}],"wp:term":[{"taxonomy":"category","embeddable":true,"href":"https:\/\/prva.hr\/index.php\/wp-json\/wp\/v2\/categories?post=12454"},{"taxonomy":"post_tag","embeddable":true,"href":"https:\/\/prva.hr\/index.php\/wp-json\/wp\/v2\/tags?post=12454"}],"curies":[{"name":"wp","href":"https:\/\/api.w.org\/{rel}","templated":true}]}}