{"id":12489,"date":"2022-10-06T13:41:51","date_gmt":"2022-10-06T11:41:51","guid":{"rendered":"https:\/\/www.prva.hr\/?p=12489"},"modified":"2022-10-06T13:41:51","modified_gmt":"2022-10-06T11:41:51","slug":"nagrada-ministarstva-znanosti-i-obrazovanja-za-uspjesnost-odgojno-obrazovnih-djelatnika","status":"publish","type":"post","link":"https:\/\/prva.hr\/index.php\/2022\/10\/06\/nagrada-ministarstva-znanosti-i-obrazovanja-za-uspjesnost-odgojno-obrazovnih-djelatnika\/","title":{"rendered":"Nagrada Ministarstva znanosti i obrazovanja za uspje\u0161nost odgojno-obrazovnih djelatnika"},"content":{"rendered":"<p>5. listopada, na Svjetski dan u\u010ditelja, Ministarstvo znanosti i obrazovanja ve\u0107 \u010detiri godine za redom nagra\u0111uje odgojno-obrazovne djelatnike. \u010cestitamo na\u0161oj profesorici Gordana Sekuli\u0107-\u0160tiv\u010devi\u0107 koja je ovu nagradu osvojila svih \u010detiri puta, a ju\u010der je i preuzela na sve\u010danoj dodjeli u Nacionalnoj i sveu\u010dili\u0161noj knji\u017enici.<\/p>\n<p>&nbsp;<\/p>\n<p><img decoding=\"async\" class=\"size-medium wp-image-12490 aligncenter lazyload\" data-src=\"https:\/\/www.prva.hr\/wp-content\/uploads\/2022\/10\/goge-200x300.jpg\" alt=\"\" width=\"200\" height=\"300\" data-srcset=\"https:\/\/prva.hr\/wp-content\/uploads\/2022\/10\/goge-200x300.jpg 200w, https:\/\/prva.hr\/wp-content\/uploads\/2022\/10\/goge-768x1155.jpg 768w, https:\/\/prva.hr\/wp-content\/uploads\/2022\/10\/goge-681x1024.jpg 681w, https:\/\/prva.hr\/wp-content\/uploads\/2022\/10\/goge.jpg 1080w\" data-sizes=\"(max-width: 200px) 100vw, 200px\" src=\"data:image\/svg+xml;base64,PHN2ZyB3aWR0aD0iMSIgaGVpZ2h0PSIxIiB4bWxucz0iaHR0cDovL3d3dy53My5vcmcvMjAwMC9zdmciPjwvc3ZnPg==\" style=\"--smush-placeholder-width: 200px; --smush-placeholder-aspect-ratio: 200\/300;\" \/><\/p>\n<p><img decoding=\"async\" class=\"size-medium wp-image-12491 aligncenter lazyload\" data-src=\"https:\/\/www.prva.hr\/wp-content\/uploads\/2022\/10\/IMG-20221005-WA0006-226x300.jpg\" alt=\"\" width=\"226\" height=\"300\" data-srcset=\"https:\/\/prva.hr\/wp-content\/uploads\/2022\/10\/IMG-20221005-WA0006-226x300.jpg 226w, https:\/\/prva.hr\/wp-content\/uploads\/2022\/10\/IMG-20221005-WA0006-768x1021.jpg 768w, https:\/\/prva.hr\/wp-content\/uploads\/2022\/10\/IMG-20221005-WA0006-771x1024.jpg 771w, https:\/\/prva.hr\/wp-content\/uploads\/2022\/10\/IMG-20221005-WA0006.jpg 1204w\" data-sizes=\"(max-width: 226px) 100vw, 226px\" src=\"data:image\/svg+xml;base64,PHN2ZyB3aWR0aD0iMSIgaGVpZ2h0PSIxIiB4bWxucz0iaHR0cDovL3d3dy53My5vcmcvMjAwMC9zdmciPjwvc3ZnPg==\" style=\"--smush-placeholder-width: 226px; --smush-placeholder-aspect-ratio: 226\/300;\" \/><\/p>\n","protected":false},"excerpt":{"rendered":"<p>5. listopada, na Svjetski dan u\u010ditelja, Ministarstvo znanosti i obrazovanja ve\u0107 \u010detiri godine za redom nagra\u0111uje odgojno-obrazovne djelatnike. \u010cestitamo na\u0161oj profesorici Gordana Sekuli\u0107-\u0160tiv\u010devi\u0107 koja je ovu nagradu osvojila svih \u010detiri puta, a ju\u010der je i preuzela na sve\u010danoj dodjeli u Nacionalnoj i sveu\u010dili\u0161noj knji\u017enici. &nbsp;<\/p>\n","protected":false},"author":7,"featured_media":0,"comment_status":"closed","ping_status":"closed","sticky":false,"template":"","format":"standard","meta":{"_et_pb_use_builder":"","_et_pb_old_content":"","_et_gb_content_width":"","footnotes":""},"categories":[6,4],"tags":[],"class_list":["post-12489","post","type-post","status-publish","format-standard","hentry","category-aktualna-dogadanja","category-najnovije-vijesti"],"_links":{"self":[{"href":"https:\/\/prva.hr\/index.php\/wp-json\/wp\/v2\/posts\/12489","targetHints":{"allow":["GET"]}}],"collection":[{"href":"https:\/\/prva.hr\/index.php\/wp-json\/wp\/v2\/posts"}],"about":[{"href":"https:\/\/prva.hr\/index.php\/wp-json\/wp\/v2\/types\/post"}],"author":[{"embeddable":true,"href":"https:\/\/prva.hr\/index.php\/wp-json\/wp\/v2\/users\/7"}],"replies":[{"embeddable":true,"href":"https:\/\/prva.hr\/index.php\/wp-json\/wp\/v2\/comments?post=12489"}],"version-history":[{"count":1,"href":"https:\/\/prva.hr\/index.php\/wp-json\/wp\/v2\/posts\/12489\/revisions"}],"predecessor-version":[{"id":12492,"href":"https:\/\/prva.hr\/index.php\/wp-json\/wp\/v2\/posts\/12489\/revisions\/12492"}],"wp:attachment":[{"href":"https:\/\/prva.hr\/index.php\/wp-json\/wp\/v2\/media?parent=12489"}],"wp:term":[{"taxonomy":"category","embeddable":true,"href":"https:\/\/prva.hr\/index.php\/wp-json\/wp\/v2\/categories?post=12489"},{"taxonomy":"post_tag","embeddable":true,"href":"https:\/\/prva.hr\/index.php\/wp-json\/wp\/v2\/tags?post=12489"}],"curies":[{"name":"wp","href":"https:\/\/api.w.org\/{rel}","templated":true}]}}