{"id":12584,"date":"2022-10-20T17:41:47","date_gmt":"2022-10-20T15:41:47","guid":{"rendered":"https:\/\/www.prva.hr\/?p=12584"},"modified":"2022-10-27T19:02:48","modified_gmt":"2022-10-27T17:02:48","slug":"volonterke-prve-na-studijsko-edukativnom-posjetu-osijeku-mir-je-u-nasim-rukama","status":"publish","type":"post","link":"https:\/\/prva.hr\/index.php\/2022\/10\/20\/volonterke-prve-na-studijsko-edukativnom-posjetu-osijeku-mir-je-u-nasim-rukama\/","title":{"rendered":"Volonterke Prve u studijsko- edukativnom posjetu Osijeku &#8220;Mir je u na\u0161im rukama&#8221;"},"content":{"rendered":"<p>Na sve\u010danoj dodjeli\u00a0 u Osijeku u prosincu 2021., u organizaciji Centra za mir, nenasilje i ljudska prava iz Osijeka, I. gimnazija je dobila <strong>Priznanje &#8220;Mirotvorna \u0161kola 2021.&#8221;<\/strong>\u00a0.<\/p>\n<p>Uz Priznanje, na\u0161oj \u0161koli i srednjoj \u0161koli iz Gline, dodijeljena je i<strong> nagrada<\/strong> u obliku <strong>studijsko- edukativnog posjeta Osijeku<\/strong> za grupu najaktivnijih nositelja humanitarno volonterskih aktivnosti u \u0161koli.<\/p>\n<p>Tako je <strong>grupa od 9 volonterki<\/strong> Josipa Mal\u010devi\u0107 3.e, Lana Dolovski, 3.e, Mia Borovac 3.a, Lana Zeljko 2.c, Elena Juki\u0107 2.c, Hana Mehdi\u0107 3.e,\u00a0 Ida Butkovi\u0107 3.a, Ema \u010culjak 3.e i Karolina Julari\u0107 3.e u pratnji prof. Meri Matu\u0161an, \u0161k. knji\u017eni\u010darke Tinke Barbutov Krsteva i \u0161k. psihologinje i voditeljjice Volonterskog kluba Vlaste Luka\u010devi\u0107 od <strong>5.- 7. 10.2022<\/strong>. provela tri dana u u\u010denju, dru\u017eenju i upoznavanju Osijeka i okolice.<\/p>\n<p>U Osijeku smo u\u010dili o nenasilnoj komunikaciji, susreli se s mladim aktivistima &#8220;MladForma&#8221;. Osijek smo obi\u0161li na biciklima i Dravu premostili skelom. Pogledali smo film na temu klimatskih promjena &#8220;I am Greta&#8221; i kazali\u0161nu predstavu s besku\u0107nicima Grada Rijeke. U Vukovaru smo posjetili Muzej vu\u010dedolske kulture i odali pijetet nastradalima na Ov\u010dari, a u Muzeje Grada Vukovara smo razgovarali s mladim vukovarkama kako je mladima \u017eivjeti u Vukovaru danas. Tre\u0107i dan smo u Dalju posjetili Znanstveni centar poznatog geofizi\u010dara M. Milankovi\u0107a, a u Nemetinu smo volontirali u \u0161etnji pasa iz azila.<\/p>\n<p>I. gimnazija je jedna od dvije \u0161kole Grada Zagreba koja nosi naslov Mirotvorne \u0161kole i jedna od 14 na nivou Hrvatske, a uskoro postajemo i \u010dlanica <strong>Foruma Mirotvornih \u0161kola<\/strong>.<\/p>\n<p>Velika \u010dast i zaslu\u017eeno priznanje za na\u0161u \u0161kolu!<\/p>\n<p>&nbsp;<\/p>\n<p><img decoding=\"async\" class=\"alignnone size-medium wp-image-12587 lazyload\" data-src=\"https:\/\/www.prva.hr\/wp-content\/uploads\/2022\/10\/os3-186x300.jpg\" alt=\"\" width=\"186\" height=\"300\" data-srcset=\"https:\/\/prva.hr\/wp-content\/uploads\/2022\/10\/os3-186x300.jpg 186w, https:\/\/prva.hr\/wp-content\/uploads\/2022\/10\/os3-768x1239.jpg 768w, https:\/\/prva.hr\/wp-content\/uploads\/2022\/10\/os3-635x1024.jpg 635w, https:\/\/prva.hr\/wp-content\/uploads\/2022\/10\/os3.jpg 1118w\" data-sizes=\"(max-width: 186px) 100vw, 186px\" src=\"data:image\/svg+xml;base64,PHN2ZyB3aWR0aD0iMSIgaGVpZ2h0PSIxIiB4bWxucz0iaHR0cDovL3d3dy53My5vcmcvMjAwMC9zdmciPjwvc3ZnPg==\" style=\"--smush-placeholder-width: 186px; --smush-placeholder-aspect-ratio: 186\/300;\" \/>\u00a0 \u00a0<img decoding=\"async\" class=\"alignnone size-medium wp-image-12588 lazyload\" data-src=\"https:\/\/www.prva.hr\/wp-content\/uploads\/2022\/10\/os14-300x225.jpg\" alt=\"\" width=\"300\" height=\"225\" data-srcset=\"https:\/\/prva.hr\/wp-content\/uploads\/2022\/10\/os14-300x225.jpg 300w, https:\/\/prva.hr\/wp-content\/uploads\/2022\/10\/os14-768x576.jpg 768w, https:\/\/prva.hr\/wp-content\/uploads\/2022\/10\/os14-1024x768.jpg 1024w, https:\/\/prva.hr\/wp-content\/uploads\/2022\/10\/os14-400x300.jpg 400w\" data-sizes=\"(max-width: 300px) 100vw, 300px\" src=\"data:image\/svg+xml;base64,PHN2ZyB3aWR0aD0iMSIgaGVpZ2h0PSIxIiB4bWxucz0iaHR0cDovL3d3dy53My5vcmcvMjAwMC9zdmciPjwvc3ZnPg==\" style=\"--smush-placeholder-width: 300px; --smush-placeholder-aspect-ratio: 300\/225;\" \/>\u00a0 \u00a0 \u00a0<img decoding=\"async\" class=\"alignnone size-medium wp-image-12589 lazyload\" data-src=\"https:\/\/www.prva.hr\/wp-content\/uploads\/2022\/10\/os11-287x300.jpg\" alt=\"\" width=\"287\" height=\"300\" data-srcset=\"https:\/\/prva.hr\/wp-content\/uploads\/2022\/10\/os11-287x300.jpg 287w, https:\/\/prva.hr\/wp-content\/uploads\/2022\/10\/os11-768x802.jpg 768w, https:\/\/prva.hr\/wp-content\/uploads\/2022\/10\/os11-981x1024.jpg 981w\" data-sizes=\"(max-width: 287px) 100vw, 287px\" src=\"data:image\/svg+xml;base64,PHN2ZyB3aWR0aD0iMSIgaGVpZ2h0PSIxIiB4bWxucz0iaHR0cDovL3d3dy53My5vcmcvMjAwMC9zdmciPjwvc3ZnPg==\" style=\"--smush-placeholder-width: 287px; --smush-placeholder-aspect-ratio: 287\/300;\" \/>\u00a0 \u00a0 \u00a0\u00a0<img decoding=\"async\" class=\"alignnone size-medium wp-image-12590 lazyload\" data-src=\"https:\/\/www.prva.hr\/wp-content\/uploads\/2022\/10\/os6-300x225.jpg\" alt=\"\" width=\"300\" height=\"225\" data-srcset=\"https:\/\/prva.hr\/wp-content\/uploads\/2022\/10\/os6-300x225.jpg 300w, https:\/\/prva.hr\/wp-content\/uploads\/2022\/10\/os6-768x576.jpg 768w, https:\/\/prva.hr\/wp-content\/uploads\/2022\/10\/os6-1024x768.jpg 1024w, https:\/\/prva.hr\/wp-content\/uploads\/2022\/10\/os6-400x300.jpg 400w\" data-sizes=\"(max-width: 300px) 100vw, 300px\" src=\"data:image\/svg+xml;base64,PHN2ZyB3aWR0aD0iMSIgaGVpZ2h0PSIxIiB4bWxucz0iaHR0cDovL3d3dy53My5vcmcvMjAwMC9zdmciPjwvc3ZnPg==\" style=\"--smush-placeholder-width: 300px; --smush-placeholder-aspect-ratio: 300\/225;\" \/><\/p>\n<p>Sl. 1.-5. Studijsko- edukativni posjet volonterki Prve Osijeku &#8220;Mir je u na\u0161im rukama&#8221;<\/p>\n<p>Video zapis pogledajte na:<\/p>\n<p><a href=\"https:\/\/www.canva.com\/design\/DAFP4UrwAdM\/kCDgVgfxJ2hQ_QdJLq45Aw\/watch?utm_content=DAFP4UrwAdM&amp;utm_campaign=designshare&amp;utm_medium=link&amp;utm_source=homepage_design_menu\">https:\/\/www.canva.com\/design\/DAFP4UrwAdM\/kCDgVgfxJ2hQ_QdJLq45Aw\/watch?utm_content=DAFP4UrwAdM&amp;utm_campaign=designshare&amp;utm_medium=link&amp;utm_source=homepage_design_menu<\/a><\/p>\n","protected":false},"excerpt":{"rendered":"<p>Na sve\u010danoj dodjeli\u00a0 u Osijeku u prosincu 2021., u organizaciji Centra za mir, nenasilje i ljudska prava iz Osijeka, I. gimnazija je dobila Priznanje &#8220;Mirotvorna \u0161kola 2021.&#8221;\u00a0. Uz Priznanje, na\u0161oj \u0161koli i srednjoj \u0161koli iz Gline, dodijeljena je i nagrada u obliku studijsko- edukativnog posjeta Osijeku za grupu najaktivnijih nositelja humanitarno volonterskih aktivnosti u \u0161koli. [&hellip;]<\/p>\n","protected":false},"author":6,"featured_media":12586,"comment_status":"closed","ping_status":"closed","sticky":false,"template":"","format":"standard","meta":{"_et_pb_use_builder":"","_et_pb_old_content":"","_et_gb_content_width":"","footnotes":""},"categories":[5,45,4],"tags":[],"class_list":["post-12584","post","type-post","status-publish","format-standard","has-post-thumbnail","hentry","category-aktivnosti","category-aktivnosti-izvannastavne-aktivnosti-volonterski-klub","category-najnovije-vijesti"],"_links":{"self":[{"href":"https:\/\/prva.hr\/index.php\/wp-json\/wp\/v2\/posts\/12584","targetHints":{"allow":["GET"]}}],"collection":[{"href":"https:\/\/prva.hr\/index.php\/wp-json\/wp\/v2\/posts"}],"about":[{"href":"https:\/\/prva.hr\/index.php\/wp-json\/wp\/v2\/types\/post"}],"author":[{"embeddable":true,"href":"https:\/\/prva.hr\/index.php\/wp-json\/wp\/v2\/users\/6"}],"replies":[{"embeddable":true,"href":"https:\/\/prva.hr\/index.php\/wp-json\/wp\/v2\/comments?post=12584"}],"version-history":[{"count":9,"href":"https:\/\/prva.hr\/index.php\/wp-json\/wp\/v2\/posts\/12584\/revisions"}],"predecessor-version":[{"id":12666,"href":"https:\/\/prva.hr\/index.php\/wp-json\/wp\/v2\/posts\/12584\/revisions\/12666"}],"wp:featuredmedia":[{"embeddable":true,"href":"https:\/\/prva.hr\/index.php\/wp-json\/wp\/v2\/media\/12586"}],"wp:attachment":[{"href":"https:\/\/prva.hr\/index.php\/wp-json\/wp\/v2\/media?parent=12584"}],"wp:term":[{"taxonomy":"category","embeddable":true,"href":"https:\/\/prva.hr\/index.php\/wp-json\/wp\/v2\/categories?post=12584"},{"taxonomy":"post_tag","embeddable":true,"href":"https:\/\/prva.hr\/index.php\/wp-json\/wp\/v2\/tags?post=12584"}],"curies":[{"name":"wp","href":"https:\/\/api.w.org\/{rel}","templated":true}]}}