{"id":12631,"date":"2022-10-25T15:27:59","date_gmt":"2022-10-25T13:27:59","guid":{"rendered":"https:\/\/www.prva.hr\/?p=12631"},"modified":"2022-10-26T09:31:48","modified_gmt":"2022-10-26T07:31:48","slug":"male-zene-louisa-may-alcott","status":"publish","type":"post","link":"https:\/\/prva.hr\/index.php\/2022\/10\/25\/male-zene-louisa-may-alcott\/","title":{"rendered":"\u010citateljski klub  Male \u017eene &#8211;  Louisa May Alcott"},"content":{"rendered":"<p style=\"text-align: center;\"><a href=\"https:\/\/www.prva.hr\/wp-content\/uploads\/2022\/10\/IMG_05.jpg\"><img decoding=\"async\" class=\"size-medium wp-image-12632 aligncenter lazyload\" data-src=\"https:\/\/www.prva.hr\/wp-content\/uploads\/2022\/10\/IMG_05-282x300.jpg\" alt=\"\" width=\"282\" height=\"300\" data-srcset=\"https:\/\/prva.hr\/wp-content\/uploads\/2022\/10\/IMG_05-282x300.jpg 282w, https:\/\/prva.hr\/wp-content\/uploads\/2022\/10\/IMG_05-768x818.jpg 768w, https:\/\/prva.hr\/wp-content\/uploads\/2022\/10\/IMG_05-962x1024.jpg 962w\" data-sizes=\"(max-width: 282px) 100vw, 282px\" src=\"data:image\/svg+xml;base64,PHN2ZyB3aWR0aD0iMSIgaGVpZ2h0PSIxIiB4bWxucz0iaHR0cDovL3d3dy53My5vcmcvMjAwMC9zdmciPjwvc3ZnPg==\" style=\"--smush-placeholder-width: 282px; --smush-placeholder-aspect-ratio: 282\/300;\" \/><\/a><\/p>\n<p>&nbsp;<\/p>\n<p style=\"text-align: left;\"><span style=\"color: #000000;\">U petak 21. listopada se po prvi put ove godine sastao \u010ditateljski klub. Sastanak je protekao u opu\u0161tenoj atmosferi uz raspravu o romanu <strong><em>Male \u017eene<\/em><\/strong> autorice \u00a0<strong>Louise May Alcott<\/strong>. Osim o samoj knjizi govorilo se i o Ameri\u010dkom gra\u0111anskom ratu te povijesnoj pozadini dijela. Razgovaralo se i o feministi\u010dkom pogledu na knjigu te o \u017eivotu i aktivizmu same autorice. Nismo izostavili niti raspravu o ukidanju ropstva i polo\u017eaju ni\u017eih slojeva dru\u0161tva u knjizi. Zajedni\u010dki zaklju\u010dak bio je da je ovo klasik koji bi svi trebali pro\u010ditati, a pogotovo djevojke, ali smo mnogo govorili i o razli\u010ditim filmskim adaptacijama romana i zaklju\u010dili da imaju razli\u010dite kvalitete te da bi ih trebalo pogledati.<\/span><\/p>\n<p style=\"text-align: right;\"><span style=\"color: #000000;\">Aleta Maligec, 1.c<\/span><\/p>\n<p>&nbsp;<\/p>\n<p><a href=\"https:\/\/www.prva.hr\/wp-content\/uploads\/2022\/10\/IMG_01.jpg\"><img decoding=\"async\" class=\"alignnone size-medium wp-image-12633 lazyload\" data-src=\"https:\/\/www.prva.hr\/wp-content\/uploads\/2022\/10\/IMG_01-300x225.jpg\" alt=\"\" width=\"300\" height=\"225\" data-srcset=\"https:\/\/prva.hr\/wp-content\/uploads\/2022\/10\/IMG_01-300x225.jpg 300w, https:\/\/prva.hr\/wp-content\/uploads\/2022\/10\/IMG_01-768x576.jpg 768w, https:\/\/prva.hr\/wp-content\/uploads\/2022\/10\/IMG_01-1024x768.jpg 1024w, https:\/\/prva.hr\/wp-content\/uploads\/2022\/10\/IMG_01-400x300.jpg 400w, https:\/\/prva.hr\/wp-content\/uploads\/2022\/10\/IMG_01.jpg 2048w\" data-sizes=\"(max-width: 300px) 100vw, 300px\" src=\"data:image\/svg+xml;base64,PHN2ZyB3aWR0aD0iMSIgaGVpZ2h0PSIxIiB4bWxucz0iaHR0cDovL3d3dy53My5vcmcvMjAwMC9zdmciPjwvc3ZnPg==\" style=\"--smush-placeholder-width: 300px; --smush-placeholder-aspect-ratio: 300\/225;\" \/>\u00a0 \u00a0 \u00a0 \u00a0 \u00a0 \u00a0 \u00a0 \u00a0 \u00a0 \u00a0 \u00a0 \u00a0\u00a0<\/a><a href=\"https:\/\/www.prva.hr\/wp-content\/uploads\/2022\/10\/IMG_02.jpg\"><img decoding=\"async\" class=\"alignnone size-medium wp-image-12634 lazyload\" data-src=\"https:\/\/www.prva.hr\/wp-content\/uploads\/2022\/10\/IMG_02-300x225.jpg\" alt=\"\" width=\"300\" height=\"225\" data-srcset=\"https:\/\/prva.hr\/wp-content\/uploads\/2022\/10\/IMG_02-300x225.jpg 300w, https:\/\/prva.hr\/wp-content\/uploads\/2022\/10\/IMG_02-768x576.jpg 768w, https:\/\/prva.hr\/wp-content\/uploads\/2022\/10\/IMG_02-1024x768.jpg 1024w, https:\/\/prva.hr\/wp-content\/uploads\/2022\/10\/IMG_02-400x300.jpg 400w, https:\/\/prva.hr\/wp-content\/uploads\/2022\/10\/IMG_02.jpg 2048w\" data-sizes=\"(max-width: 300px) 100vw, 300px\" src=\"data:image\/svg+xml;base64,PHN2ZyB3aWR0aD0iMSIgaGVpZ2h0PSIxIiB4bWxucz0iaHR0cDovL3d3dy53My5vcmcvMjAwMC9zdmciPjwvc3ZnPg==\" style=\"--smush-placeholder-width: 300px; --smush-placeholder-aspect-ratio: 300\/225;\" \/><\/a><a href=\"https:\/\/www.prva.hr\/wp-content\/uploads\/2022\/10\/IMG_01.jpg\">\u00a0 \u00a0 \u00a0 \u00a0 \u00a0 \u00a0 <\/a><\/p>\n","protected":false},"excerpt":{"rendered":"<p>&nbsp; U petak 21. listopada se po prvi put ove godine sastao \u010ditateljski klub. Sastanak je protekao u opu\u0161tenoj atmosferi uz raspravu o romanu Male \u017eene autorice \u00a0Louise May Alcott. Osim o samoj knjizi govorilo se i o Ameri\u010dkom gra\u0111anskom ratu te povijesnoj pozadini dijela. Razgovaralo se i o feministi\u010dkom pogledu na knjigu te o [&hellip;]<\/p>\n","protected":false},"author":9,"featured_media":0,"comment_status":"closed","ping_status":"closed","sticky":false,"template":"","format":"standard","meta":{"_et_pb_use_builder":"","_et_pb_old_content":"","_et_gb_content_width":"","footnotes":""},"categories":[5,82,6,9,1],"tags":[],"class_list":["post-12631","post","type-post","status-publish","format-standard","hentry","category-aktivnosti","category-aktivnosti-knjiznica-citateljski-klub","category-aktualna-dogadanja","category-arhiva","category-nekategorizirano"],"_links":{"self":[{"href":"https:\/\/prva.hr\/index.php\/wp-json\/wp\/v2\/posts\/12631","targetHints":{"allow":["GET"]}}],"collection":[{"href":"https:\/\/prva.hr\/index.php\/wp-json\/wp\/v2\/posts"}],"about":[{"href":"https:\/\/prva.hr\/index.php\/wp-json\/wp\/v2\/types\/post"}],"author":[{"embeddable":true,"href":"https:\/\/prva.hr\/index.php\/wp-json\/wp\/v2\/users\/9"}],"replies":[{"embeddable":true,"href":"https:\/\/prva.hr\/index.php\/wp-json\/wp\/v2\/comments?post=12631"}],"version-history":[{"count":8,"href":"https:\/\/prva.hr\/index.php\/wp-json\/wp\/v2\/posts\/12631\/revisions"}],"predecessor-version":[{"id":12647,"href":"https:\/\/prva.hr\/index.php\/wp-json\/wp\/v2\/posts\/12631\/revisions\/12647"}],"wp:attachment":[{"href":"https:\/\/prva.hr\/index.php\/wp-json\/wp\/v2\/media?parent=12631"}],"wp:term":[{"taxonomy":"category","embeddable":true,"href":"https:\/\/prva.hr\/index.php\/wp-json\/wp\/v2\/categories?post=12631"},{"taxonomy":"post_tag","embeddable":true,"href":"https:\/\/prva.hr\/index.php\/wp-json\/wp\/v2\/tags?post=12631"}],"curies":[{"name":"wp","href":"https:\/\/api.w.org\/{rel}","templated":true}]}}