{"id":12649,"date":"2022-10-26T17:02:33","date_gmt":"2022-10-26T15:02:33","guid":{"rendered":"https:\/\/www.prva.hr\/?p=12649"},"modified":"2022-10-26T17:02:33","modified_gmt":"2022-10-26T15:02:33","slug":"natjecaj-za-slogan-i-vizual-projekta-umrezeni-izvan-mreze","status":"publish","type":"post","link":"https:\/\/prva.hr\/index.php\/2022\/10\/26\/natjecaj-za-slogan-i-vizual-projekta-umrezeni-izvan-mreze\/","title":{"rendered":"Natje\u010daj za slogan i vizual projekta Umre\u017eeni izvan mre\u017ee"},"content":{"rendered":"<p>Pozivaju se zainteresirani i kreativni u\u010denici na sudjelovanje u dvotjednom natje\u010daju za vizual i slogan \u0161kolskog projekta Umre\u017eeni izvan mre\u017ee.<\/p>\n<p>U samom natje\u010daju nalaze se informacije o na\u010dinu sudjelovanja i kako se prijaviti, a sam tekst natje\u010daja mo\u017eete vidjeti <a href=\"https:\/\/www.prva.hr\/wp-content\/uploads\/2022\/10\/scan0726.pdf\" target=\"_blank\" rel=\"noopener\">ovdje<\/a>.<\/p>\n","protected":false},"excerpt":{"rendered":"<p>Pozivaju se zainteresirani i kreativni u\u010denici na sudjelovanje u dvotjednom natje\u010daju za vizual i slogan \u0161kolskog projekta Umre\u017eeni izvan mre\u017ee. U samom natje\u010daju nalaze se informacije o na\u010dinu sudjelovanja i kako se prijaviti, a sam tekst natje\u010daja mo\u017eete vidjeti ovdje.<\/p>\n","protected":false},"author":7,"featured_media":0,"comment_status":"closed","ping_status":"closed","sticky":false,"template":"","format":"standard","meta":{"_et_pb_use_builder":"","_et_pb_old_content":"","_et_gb_content_width":"","footnotes":""},"categories":[4,13],"tags":[],"class_list":["post-12649","post","type-post","status-publish","format-standard","hentry","category-najnovije-vijesti","category-preventivni-program"],"_links":{"self":[{"href":"https:\/\/prva.hr\/index.php\/wp-json\/wp\/v2\/posts\/12649","targetHints":{"allow":["GET"]}}],"collection":[{"href":"https:\/\/prva.hr\/index.php\/wp-json\/wp\/v2\/posts"}],"about":[{"href":"https:\/\/prva.hr\/index.php\/wp-json\/wp\/v2\/types\/post"}],"author":[{"embeddable":true,"href":"https:\/\/prva.hr\/index.php\/wp-json\/wp\/v2\/users\/7"}],"replies":[{"embeddable":true,"href":"https:\/\/prva.hr\/index.php\/wp-json\/wp\/v2\/comments?post=12649"}],"version-history":[{"count":1,"href":"https:\/\/prva.hr\/index.php\/wp-json\/wp\/v2\/posts\/12649\/revisions"}],"predecessor-version":[{"id":12651,"href":"https:\/\/prva.hr\/index.php\/wp-json\/wp\/v2\/posts\/12649\/revisions\/12651"}],"wp:attachment":[{"href":"https:\/\/prva.hr\/index.php\/wp-json\/wp\/v2\/media?parent=12649"}],"wp:term":[{"taxonomy":"category","embeddable":true,"href":"https:\/\/prva.hr\/index.php\/wp-json\/wp\/v2\/categories?post=12649"},{"taxonomy":"post_tag","embeddable":true,"href":"https:\/\/prva.hr\/index.php\/wp-json\/wp\/v2\/tags?post=12649"}],"curies":[{"name":"wp","href":"https:\/\/api.w.org\/{rel}","templated":true}]}}