{"id":12799,"date":"2022-11-22T08:56:38","date_gmt":"2022-11-22T07:56:38","guid":{"rendered":"https:\/\/www.prva.hr\/?p=12799"},"modified":"2022-11-22T08:56:38","modified_gmt":"2022-11-22T07:56:38","slug":"obiljezavanje-mjeseca-borbe-protiv-ovisnosti-u-prvoj-15-11-15-12-2022","status":"publish","type":"post","link":"https:\/\/prva.hr\/index.php\/2022\/11\/22\/obiljezavanje-mjeseca-borbe-protiv-ovisnosti-u-prvoj-15-11-15-12-2022\/","title":{"rendered":"Obilje\u017eavanje Mjeseca borbe protiv ovisnosti u Prvoj (15.11.-15.12.2022.)"},"content":{"rendered":"<p>I ove se godine od 15. studenoga u Prvoj obilje\u017eava Mjesec borbe protiv ovisnosti. Program je bogat raznim zanimljivim preventivnim predavanjima, radionicama, tribinama i debatom na\u0161ih u\u010denika. Nadamo se da \u0107e u\u010denici i ove godine nau\u010diti ne\u0161to o raznim ovisnostima te kako im se oduprijeti.<\/p>\n<p>Program doga\u0111anja mo\u017eete pogledati <a href=\"https:\/\/www.prva.hr\/wp-content\/uploads\/2022\/11\/Program-Mjeseca-borbe-protiv-ovisnosti-2022..pdf\" target=\"_blank\" rel=\"noopener\">ovdje<\/a>.<\/p>\n","protected":false},"excerpt":{"rendered":"<p>I ove se godine od 15. studenoga u Prvoj obilje\u017eava Mjesec borbe protiv ovisnosti. Program je bogat raznim zanimljivim preventivnim predavanjima, radionicama, tribinama i debatom na\u0161ih u\u010denika. Nadamo se da \u0107e u\u010denici i ove godine nau\u010diti ne\u0161to o raznim ovisnostima te kako im se oduprijeti. Program doga\u0111anja mo\u017eete pogledati ovdje.<\/p>\n","protected":false},"author":7,"featured_media":12800,"comment_status":"closed","ping_status":"closed","sticky":false,"template":"","format":"standard","meta":{"_et_pb_use_builder":"","_et_pb_old_content":"","_et_gb_content_width":"","footnotes":""},"categories":[6,4,1,13],"tags":[],"class_list":["post-12799","post","type-post","status-publish","format-standard","has-post-thumbnail","hentry","category-aktualna-dogadanja","category-najnovije-vijesti","category-nekategorizirano","category-preventivni-program"],"_links":{"self":[{"href":"https:\/\/prva.hr\/index.php\/wp-json\/wp\/v2\/posts\/12799","targetHints":{"allow":["GET"]}}],"collection":[{"href":"https:\/\/prva.hr\/index.php\/wp-json\/wp\/v2\/posts"}],"about":[{"href":"https:\/\/prva.hr\/index.php\/wp-json\/wp\/v2\/types\/post"}],"author":[{"embeddable":true,"href":"https:\/\/prva.hr\/index.php\/wp-json\/wp\/v2\/users\/7"}],"replies":[{"embeddable":true,"href":"https:\/\/prva.hr\/index.php\/wp-json\/wp\/v2\/comments?post=12799"}],"version-history":[{"count":2,"href":"https:\/\/prva.hr\/index.php\/wp-json\/wp\/v2\/posts\/12799\/revisions"}],"predecessor-version":[{"id":12835,"href":"https:\/\/prva.hr\/index.php\/wp-json\/wp\/v2\/posts\/12799\/revisions\/12835"}],"wp:featuredmedia":[{"embeddable":true,"href":"https:\/\/prva.hr\/index.php\/wp-json\/wp\/v2\/media\/12800"}],"wp:attachment":[{"href":"https:\/\/prva.hr\/index.php\/wp-json\/wp\/v2\/media?parent=12799"}],"wp:term":[{"taxonomy":"category","embeddable":true,"href":"https:\/\/prva.hr\/index.php\/wp-json\/wp\/v2\/categories?post=12799"},{"taxonomy":"post_tag","embeddable":true,"href":"https:\/\/prva.hr\/index.php\/wp-json\/wp\/v2\/tags?post=12799"}],"curies":[{"name":"wp","href":"https:\/\/api.w.org\/{rel}","templated":true}]}}