{"id":12909,"date":"2022-11-30T19:23:19","date_gmt":"2022-11-30T18:23:19","guid":{"rendered":"https:\/\/www.prva.hr\/?p=12909"},"modified":"2022-11-30T19:25:20","modified_gmt":"2022-11-30T18:25:20","slug":"dabar-2022","status":"publish","type":"post","link":"https:\/\/prva.hr\/index.php\/2022\/11\/30\/dabar-2022\/","title":{"rendered":"Dabar 2022"},"content":{"rendered":"<p>Na ovogodi\u0161njem natjecanju iz informatike i ra\u010dunalnog razmi\u0161ljanja, Dabar 2022, 30 u\u010denika na\u0161e \u0161kole plasiralo se u 10% najboljih. \u010cestitke u\u010denicima. Za natjecanje je bila zadu\u017eena profesorica Sekuli\u0107-\u0160tiv\u010devi\u0107.<\/p>\n<div class=\"cxmmr5t8 oygrvhab hcukyx3x c1et5uql o9v6fnle ii04i59q\"><\/div>\n<div class=\"cxmmr5t8 oygrvhab hcukyx3x c1et5uql o9v6fnle ii04i59q\">\n<div dir=\"auto\">\n<table width=\"273\">\n<tbody>\n<tr>\n<td width=\"103\">Ime<\/td>\n<td width=\"107\">Prezime<\/td>\n<td width=\"63\">razred<\/td>\n<\/tr>\n<tr>\n<td>Dora<\/td>\n<td>Crnjak<\/td>\n<td>2.b<\/td>\n<\/tr>\n<tr>\n<td>Daria<\/td>\n<td>Jakeli\u0107<\/td>\n<td>1.b<\/td>\n<\/tr>\n<tr>\n<td>Dunja<\/td>\n<td>Jakovac<\/td>\n<td>4.b<\/td>\n<\/tr>\n<tr>\n<td>Anja<\/td>\n<td>Makek<\/td>\n<td>3.b<\/td>\n<\/tr>\n<tr>\n<td>Lucija<\/td>\n<td>Palavra<\/td>\n<td>2.e<\/td>\n<\/tr>\n<tr>\n<td>Ema<\/td>\n<td>Uhernik<\/td>\n<td>3.b<\/td>\n<\/tr>\n<tr>\n<td>Marta<\/td>\n<td>Capan<\/td>\n<td>4.b<\/td>\n<\/tr>\n<tr>\n<td>Roko<\/td>\n<td>\u010cubri\u0107<\/td>\n<td>4.b<\/td>\n<\/tr>\n<tr>\n<td>Teodor<\/td>\n<td>Feren\u010dak<\/td>\n<td>1.b<\/td>\n<\/tr>\n<tr>\n<td>Fani<\/td>\n<td>Ga\u0161pi\u0107<\/td>\n<td>4.f<\/td>\n<\/tr>\n<tr>\n<td>Bartol<\/td>\n<td>Knezovi\u0107<\/td>\n<td>1.b<\/td>\n<\/tr>\n<tr>\n<td>Monika<\/td>\n<td>Kolovrat<\/td>\n<td>2.b<\/td>\n<\/tr>\n<tr>\n<td>Nevia Ana<\/td>\n<td>Medi\u0107<\/td>\n<td>2.b<\/td>\n<\/tr>\n<tr>\n<td>Luka<\/td>\n<td>Piljac<\/td>\n<td>4.f<\/td>\n<\/tr>\n<tr>\n<td>Leon<\/td>\n<td>Pollak<\/td>\n<td>4.b<\/td>\n<\/tr>\n<tr>\n<td>Lana<\/td>\n<td>\u0160api\u0107<\/td>\n<td>4.b<\/td>\n<\/tr>\n<tr>\n<td>Kristijan<\/td>\n<td>Zubovi\u0107<\/td>\n<td>3.b<\/td>\n<\/tr>\n<tr>\n<td>Vedran<\/td>\n<td>\u017darak<\/td>\n<td>1.b<\/td>\n<\/tr>\n<tr>\n<td>Mihael<\/td>\n<td>Bartolin\u010di\u0107<\/td>\n<td>2.b<\/td>\n<\/tr>\n<tr>\n<td>Bartol<\/td>\n<td>Crnjak<\/td>\n<td>3.b<\/td>\n<\/tr>\n<tr>\n<td>Filip<\/td>\n<td>Kiki\u0107<\/td>\n<td>4.b<\/td>\n<\/tr>\n<tr>\n<td>Luka<\/td>\n<td>Koloper<\/td>\n<td>2.b<\/td>\n<\/tr>\n<tr>\n<td>Vlatka<\/td>\n<td>Kopsa<\/td>\n<td>2.c<\/td>\n<\/tr>\n<tr>\n<td>Fran<\/td>\n<td>Kraljevi\u0107<\/td>\n<td>4.b<\/td>\n<\/tr>\n<tr>\n<td>Teo<\/td>\n<td>Kri\u017eani\u0107<\/td>\n<td>2.b<\/td>\n<\/tr>\n<tr>\n<td>Ivan<\/td>\n<td>Marfat<\/td>\n<td>4.f<\/td>\n<\/tr>\n<tr>\n<td>Ivan Boris<\/td>\n<td>Morgan<\/td>\n<td>4.f<\/td>\n<\/tr>\n<tr>\n<td>Nikola<\/td>\n<td>Parlov<\/td>\n<td>4.f<\/td>\n<\/tr>\n<tr>\n<td>Ita<\/td>\n<td>Per\u010dulija<\/td>\n<td>3.b<\/td>\n<\/tr>\n<tr>\n<td>Roko<\/td>\n<td>Vlahovi\u0107<\/td>\n<td>4.f<\/td>\n<\/tr>\n<\/tbody>\n<\/table>\n<\/div>\n<\/div>\n<p>&nbsp;<\/p>\n","protected":false},"excerpt":{"rendered":"<p>Na ovogodi\u0161njem natjecanju iz informatike i ra\u010dunalnog razmi\u0161ljanja, Dabar 2022, 30 u\u010denika na\u0161e \u0161kole plasiralo se u 10% najboljih. \u010cestitke u\u010denicima. Za natjecanje je bila zadu\u017eena profesorica Sekuli\u0107-\u0160tiv\u010devi\u0107. Ime Prezime razred Dora Crnjak 2.b Daria Jakeli\u0107 1.b Dunja Jakovac 4.b Anja Makek 3.b Lucija Palavra 2.e Ema Uhernik 3.b Marta Capan 4.b Roko \u010cubri\u0107 4.b [&hellip;]<\/p>\n","protected":false},"author":5,"featured_media":12910,"comment_status":"closed","ping_status":"closed","sticky":false,"template":"","format":"standard","meta":{"_et_pb_use_builder":"","_et_pb_old_content":"","_et_gb_content_width":"","footnotes":""},"categories":[5,4,24,1],"tags":[],"class_list":["post-12909","post","type-post","status-publish","format-standard","has-post-thumbnail","hentry","category-aktivnosti","category-najnovije-vijesti","category-predmetna-natjecanja","category-nekategorizirano"],"_links":{"self":[{"href":"https:\/\/prva.hr\/index.php\/wp-json\/wp\/v2\/posts\/12909","targetHints":{"allow":["GET"]}}],"collection":[{"href":"https:\/\/prva.hr\/index.php\/wp-json\/wp\/v2\/posts"}],"about":[{"href":"https:\/\/prva.hr\/index.php\/wp-json\/wp\/v2\/types\/post"}],"author":[{"embeddable":true,"href":"https:\/\/prva.hr\/index.php\/wp-json\/wp\/v2\/users\/5"}],"replies":[{"embeddable":true,"href":"https:\/\/prva.hr\/index.php\/wp-json\/wp\/v2\/comments?post=12909"}],"version-history":[{"count":2,"href":"https:\/\/prva.hr\/index.php\/wp-json\/wp\/v2\/posts\/12909\/revisions"}],"predecessor-version":[{"id":12912,"href":"https:\/\/prva.hr\/index.php\/wp-json\/wp\/v2\/posts\/12909\/revisions\/12912"}],"wp:featuredmedia":[{"embeddable":true,"href":"https:\/\/prva.hr\/index.php\/wp-json\/wp\/v2\/media\/12910"}],"wp:attachment":[{"href":"https:\/\/prva.hr\/index.php\/wp-json\/wp\/v2\/media?parent=12909"}],"wp:term":[{"taxonomy":"category","embeddable":true,"href":"https:\/\/prva.hr\/index.php\/wp-json\/wp\/v2\/categories?post=12909"},{"taxonomy":"post_tag","embeddable":true,"href":"https:\/\/prva.hr\/index.php\/wp-json\/wp\/v2\/tags?post=12909"}],"curies":[{"name":"wp","href":"https:\/\/api.w.org\/{rel}","templated":true}]}}