{"id":12980,"date":"2022-12-05T09:41:42","date_gmt":"2022-12-05T08:41:42","guid":{"rendered":"https:\/\/www.prva.hr\/?p=12980"},"modified":"2022-12-05T09:45:05","modified_gmt":"2022-12-05T08:45:05","slug":"obiljezavanje-medunarodnog-dana-volontera-5-12","status":"publish","type":"post","link":"https:\/\/prva.hr\/index.php\/2022\/12\/05\/obiljezavanje-medunarodnog-dana-volontera-5-12\/","title":{"rendered":"Obilje\u017eavanje Me\u0111unarodnog dana volontera 5.12."},"content":{"rendered":"<p>I ove godine,\u00a0<strong style=\"color: #ff0000;\">5.12.- Me\u0111unarodni dan volontera,\u00a0<\/strong>obilje\u017eavamo brojnim humanitarnim i ekolo\u0161kim akcijama\u00a0 tijekom prosinca u organizaciji <strong><span style=\"color: #ff0000;\">Volonterskog kluba I. gimnazije<\/span> &#8211; dobitnika Dr\u017eavne nagrade Nacionalnog odbora za volonterstvo Vlade RH\u00a0 (2014.)<\/strong><\/p>\n<p>5.12.2022 &#8211; sudjelujemo na sve\u010danoj dodjeli nagrade <span style=\"color: #0000ff;\">Volonterski Oskar\u00a0 2022.<\/span><\/p>\n<p>28.11.-27.12.2022.- provedba humanitarne akcije <span style=\"color: #0000ff;\">Adventski kalendar soliDARnosti 2022.<\/span><\/p>\n<p>5.-9. 12.2022.- provedba humanitarne akcije bo\u017ei\u0107nog darivanje slatki\u0161a za djecu Caritasa <span style=\"color: #0000ff;\">&#8220;Budi cool, udijeli slatki\u0161 svoj&#8221;<\/span><\/p>\n<p>6.12. 2022.- ekolo\u0161ka akcija na<span style=\"color: #0000ff;\"> recikliranom imanju ZMAG-a<\/span><\/p>\n<p>9.12. 2022.- aktivno sudjelovanje na <span style=\"color: #0000ff;\">Nacionalnoj konferenciji o volonterstvu<\/span><\/p>\n<p>19.12.2022.- Ekolo\u0161ka akcija sadnje <span style=\"color: #0000ff;\">&#8220;Zasadi stablo, ne budi panj!&#8221;<\/span><\/p>\n<p>20.-21.12.2022.- Humanitarna akcija Hrvatskog Caritasa<span style=\"color: #0000ff;\"> &#8220;ZA 1000 radosti &#8211; Govori dobrim &#8220;<\/span><\/p>\n<p>&nbsp;<\/p>\n<p>Volonterski klub I. gimnazije osnovan je na inicijativu u\u010denika\/ica 2007., jedan je od prvih \u0161kolskih volonterskih klubova u Hrvatskoj\u00a0 s tradicijom dugom 15 godina i\u00a0 dobitnik je vrijednih nagrada i priznanja. Danas broji 60 aktivnih volonterki i volontera.<\/p>\n<p>Pridru\u017eite nam se!\u00a0 Kako ka\u017ee slogan na\u0161eg Volonterskog kluba:<span style=\"color: #ff0000;\"><strong> &#8220;Stvari se ne mijenjaju same, mijenjamo ih mi!&#8221;<\/strong><\/span><\/p>\n<p><img decoding=\"async\" class=\"size-medium wp-image-12981 lazyload\" data-src=\"https:\/\/www.prva.hr\/wp-content\/uploads\/2022\/12\/VK-logo-225x300.jpg\" alt=\"\" width=\"225\" height=\"300\" data-srcset=\"https:\/\/prva.hr\/wp-content\/uploads\/2022\/12\/VK-logo-225x300.jpg 225w, https:\/\/prva.hr\/wp-content\/uploads\/2022\/12\/VK-logo-768x1024.jpg 768w\" data-sizes=\"(max-width: 225px) 100vw, 225px\" src=\"data:image\/svg+xml;base64,PHN2ZyB3aWR0aD0iMSIgaGVpZ2h0PSIxIiB4bWxucz0iaHR0cDovL3d3dy53My5vcmcvMjAwMC9zdmciPjwvc3ZnPg==\" style=\"--smush-placeholder-width: 225px; --smush-placeholder-aspect-ratio: 225\/300;\" \/>\u00a0 \u00a0 \u00a0\u00a0 \u00a0 \u00a0<img decoding=\"async\" class=\"alignnone size-medium wp-image-12990 lazyload\" data-src=\"https:\/\/www.prva.hr\/wp-content\/uploads\/2022\/12\/dan-volonterra-foto2-300x225.jpg\" alt=\"\" width=\"300\" height=\"225\" data-srcset=\"https:\/\/prva.hr\/wp-content\/uploads\/2022\/12\/dan-volonterra-foto2-300x225.jpg 300w, https:\/\/prva.hr\/wp-content\/uploads\/2022\/12\/dan-volonterra-foto2-768x576.jpg 768w, https:\/\/prva.hr\/wp-content\/uploads\/2022\/12\/dan-volonterra-foto2-1024x768.jpg 1024w, https:\/\/prva.hr\/wp-content\/uploads\/2022\/12\/dan-volonterra-foto2-400x300.jpg 400w\" data-sizes=\"(max-width: 300px) 100vw, 300px\" src=\"data:image\/svg+xml;base64,PHN2ZyB3aWR0aD0iMSIgaGVpZ2h0PSIxIiB4bWxucz0iaHR0cDovL3d3dy53My5vcmcvMjAwMC9zdmciPjwvc3ZnPg==\" style=\"--smush-placeholder-width: 300px; --smush-placeholder-aspect-ratio: 300\/225;\" \/>\u00a0 \u00a0 \u00a0\u00a0<img decoding=\"async\" class=\"alignnone wp-image-12987 lazyload\" data-src=\"https:\/\/www.prva.hr\/wp-content\/uploads\/2022\/12\/I.-gimnazija-vk-za-ukrajinu-300x200.jpg\" alt=\"\" width=\"358\" height=\"238\" data-srcset=\"https:\/\/prva.hr\/wp-content\/uploads\/2022\/12\/I.-gimnazija-vk-za-ukrajinu-300x200.jpg 300w, https:\/\/prva.hr\/wp-content\/uploads\/2022\/12\/I.-gimnazija-vk-za-ukrajinu-768x512.jpg 768w, https:\/\/prva.hr\/wp-content\/uploads\/2022\/12\/I.-gimnazija-vk-za-ukrajinu-1024x683.jpg 1024w, https:\/\/prva.hr\/wp-content\/uploads\/2022\/12\/I.-gimnazija-vk-za-ukrajinu-400x267.jpg 400w\" data-sizes=\"(max-width: 358px) 100vw, 358px\" src=\"data:image\/svg+xml;base64,PHN2ZyB3aWR0aD0iMSIgaGVpZ2h0PSIxIiB4bWxucz0iaHR0cDovL3d3dy53My5vcmcvMjAwMC9zdmciPjwvc3ZnPg==\" style=\"--smush-placeholder-width: 358px; --smush-placeholder-aspect-ratio: 358\/238;\" \/><\/p>\n<p>Sl. Volonterski klub I. gimnazije<\/p>\n","protected":false},"excerpt":{"rendered":"<p>I ove godine,\u00a05.12.- Me\u0111unarodni dan volontera,\u00a0obilje\u017eavamo brojnim humanitarnim i ekolo\u0161kim akcijama\u00a0 tijekom prosinca u organizaciji Volonterskog kluba I. gimnazije &#8211; dobitnika Dr\u017eavne nagrade Nacionalnog odbora za volonterstvo Vlade RH\u00a0 (2014.) 5.12.2022 &#8211; sudjelujemo na sve\u010danoj dodjeli nagrade Volonterski Oskar\u00a0 2022. 28.11.-27.12.2022.- provedba humanitarne akcije Adventski kalendar soliDARnosti 2022. 5.-9. 12.2022.- provedba humanitarne akcije bo\u017ei\u0107nog darivanje [&hellip;]<\/p>\n","protected":false},"author":6,"featured_media":12982,"comment_status":"closed","ping_status":"closed","sticky":false,"template":"","format":"standard","meta":{"_et_pb_use_builder":"","_et_pb_old_content":"","_et_gb_content_width":"","footnotes":""},"categories":[45,4],"tags":[],"class_list":["post-12980","post","type-post","status-publish","format-standard","has-post-thumbnail","hentry","category-aktivnosti-izvannastavne-aktivnosti-volonterski-klub","category-najnovije-vijesti"],"_links":{"self":[{"href":"https:\/\/prva.hr\/index.php\/wp-json\/wp\/v2\/posts\/12980","targetHints":{"allow":["GET"]}}],"collection":[{"href":"https:\/\/prva.hr\/index.php\/wp-json\/wp\/v2\/posts"}],"about":[{"href":"https:\/\/prva.hr\/index.php\/wp-json\/wp\/v2\/types\/post"}],"author":[{"embeddable":true,"href":"https:\/\/prva.hr\/index.php\/wp-json\/wp\/v2\/users\/6"}],"replies":[{"embeddable":true,"href":"https:\/\/prva.hr\/index.php\/wp-json\/wp\/v2\/comments?post=12980"}],"version-history":[{"count":6,"href":"https:\/\/prva.hr\/index.php\/wp-json\/wp\/v2\/posts\/12980\/revisions"}],"predecessor-version":[{"id":12994,"href":"https:\/\/prva.hr\/index.php\/wp-json\/wp\/v2\/posts\/12980\/revisions\/12994"}],"wp:featuredmedia":[{"embeddable":true,"href":"https:\/\/prva.hr\/index.php\/wp-json\/wp\/v2\/media\/12982"}],"wp:attachment":[{"href":"https:\/\/prva.hr\/index.php\/wp-json\/wp\/v2\/media?parent=12980"}],"wp:term":[{"taxonomy":"category","embeddable":true,"href":"https:\/\/prva.hr\/index.php\/wp-json\/wp\/v2\/categories?post=12980"},{"taxonomy":"post_tag","embeddable":true,"href":"https:\/\/prva.hr\/index.php\/wp-json\/wp\/v2\/tags?post=12980"}],"curies":[{"name":"wp","href":"https:\/\/api.w.org\/{rel}","templated":true}]}}