{"id":13120,"date":"2022-12-13T12:44:19","date_gmt":"2022-12-13T11:44:19","guid":{"rendered":"https:\/\/www.prva.hr\/?p=13120"},"modified":"2022-12-13T12:44:19","modified_gmt":"2022-12-13T11:44:19","slug":"program-zagreb-otvoreni-grad","status":"publish","type":"post","link":"https:\/\/prva.hr\/index.php\/2022\/12\/13\/program-zagreb-otvoreni-grad\/","title":{"rendered":"Program ZAGREB, OTVORENI GRAD"},"content":{"rendered":"<p style=\"font-weight: 400;\">Grad Zagreb u suradnji s Centrom mladih Ribnjak pokre\u0107e novi ciklus programa koji ima za cilj promovirati kulturu dobrodo\u0161lice pod nazivom\u00a0<strong>ZAGREB, OTVORENI GRAD<\/strong>.<\/p>\n<p style=\"font-weight: 400;\">Njegovo prvo izdanje odr\u017eati \u0107e se u nedjelju, 18. prosinca 2022. obilje\u017eavanjem\u00a0<strong>Me\u0111unarodnog dana migranata<\/strong>. Program uklju\u010duje dje\u010dju predstavu Teatra Poco Loco, brojne radionice i glazbeni program koji uklju\u010duje nastup Zbora Doma\u0107i gosti i koncert grupe Jall aux Yeux.<\/p>\n<p style=\"font-weight: 400;\">U nastavku je satnica:<\/p>\n<p style=\"font-weight: 400;\">\u00a016:00 Pjeva mi se pjesma &#8211; Orkestra Pokoloka (Teatar Poco Loco)<\/p>\n<p style=\"font-weight: 400;\">&#8211; predstava\/koncert za uzrast od 2g do 102g). Ograni\u010den broj karata je u prodaji:\u00a0<a href=\"https:\/\/cmr.mojekarte.hr\/hr\/pjeva-mi-se-pjesma-orkestra-pokoloka\/tickets-605944.html?fbclid=IwAR1OC14geBud5gWZRIMOhejUgkXurq5ZF0_vXe_Wf6O0flJC4ZvaCiMuu2M\" data-saferedirecturl=\"https:\/\/www.google.com\/url?q=https:\/\/cmr.mojekarte.hr\/hr\/pjeva-mi-se-pjesma-orkestra-pokoloka\/tickets-605944.html?fbclid%3DIwAR1OC14geBud5gWZRIMOhejUgkXurq5ZF0_vXe_Wf6O0flJC4ZvaCiMuu2M&amp;source=gmail&amp;ust=1671011505994000&amp;usg=AOvVaw3XyI8tTpFC5q5yFc3dBGIg\">kupi kartu<\/a><\/p>\n<p style=\"font-weight: 400;\">17:00\u00a0<strong>besplatne radionice<\/strong>\u00a0uz prethodnu prijavu na\u00a0<a href=\"https:\/\/forms.gle\/NvUxaFWWCFGvxvSs8\" data-saferedirecturl=\"https:\/\/www.google.com\/url?q=https:\/\/forms.gle\/NvUxaFWWCFGvxvSs8&amp;source=gmail&amp;ust=1671011505994000&amp;usg=AOvVaw37d77_DGll4UfuTbMFAP5n\">https:\/\/forms.gle\/NvUxaFWWCFGvxvSs8<\/a><\/p>\n<ol>\n<li style=\"font-weight: 400;\">Izrada afri\u010dkih maski sa Samom (Centar za kulturu dijaloga) &#8211; svi uzrasti<\/li>\n<li style=\"font-weight: 400;\">Radionica oslikavanja platnenih torbi s Muhamedom (Are you Syrious?) &#8211; svi uzrasti<\/li>\n<li style=\"font-weight: 400;\">Storytelling radionica za djecu i mlade (Inicijativa centar edukacije) &#8211; djeca i mladi<\/li>\n<li style=\"font-weight: 400;\">Radionica podmeta\u010da za \u010da\u0161e i ukrasa za bor (Centar mladih Ribnjak\/ Hurtok)- svi uzrasti<\/li>\n<li style=\"font-weight: 400;\">Slikanje s Karzanom uz zalogaj\u010di\u0107 (Centar za kulturu dijaloga) &#8211; za odrasle<\/li>\n<\/ol>\n<p style=\"font-weight: 400;\"><strong>svi koncerti su besplatni<\/strong>:<\/p>\n<p style=\"font-weight: 400;\">\u00a019.00 Zbor Doma\u0107igosti<\/p>\n<p style=\"font-weight: 400;\">\u00a019:30 glazbenici Panafri\u010dkog dru\u0161tva prijateljstva (PADUH)<\/p>\n<p style=\"font-weight: 400;\">\u00a020:00 JALL AUX YEUX (frankofoni bend iz Biha\u0107a, BIH)<\/p>\n<p style=\"font-weight: 400;\">\u00a021:30 farewell drums party<\/p>\n","protected":false},"excerpt":{"rendered":"<p>Grad Zagreb u suradnji s Centrom mladih Ribnjak pokre\u0107e novi ciklus programa koji ima za cilj promovirati kulturu dobrodo\u0161lice pod nazivom\u00a0ZAGREB, OTVORENI GRAD. Njegovo prvo izdanje odr\u017eati \u0107e se u nedjelju, 18. prosinca 2022. obilje\u017eavanjem\u00a0Me\u0111unarodnog dana migranata. Program uklju\u010duje dje\u010dju predstavu Teatra Poco Loco, brojne radionice i glazbeni program koji uklju\u010duje nastup Zbora Doma\u0107i gosti [&hellip;]<\/p>\n","protected":false},"author":7,"featured_media":0,"comment_status":"closed","ping_status":"closed","sticky":false,"template":"","format":"standard","meta":{"_et_pb_use_builder":"","_et_pb_old_content":"","_et_gb_content_width":"","footnotes":""},"categories":[14],"tags":[],"class_list":["post-13120","post","type-post","status-publish","format-standard","hentry","category-dogadanja-izvan-skole"],"_links":{"self":[{"href":"https:\/\/prva.hr\/index.php\/wp-json\/wp\/v2\/posts\/13120","targetHints":{"allow":["GET"]}}],"collection":[{"href":"https:\/\/prva.hr\/index.php\/wp-json\/wp\/v2\/posts"}],"about":[{"href":"https:\/\/prva.hr\/index.php\/wp-json\/wp\/v2\/types\/post"}],"author":[{"embeddable":true,"href":"https:\/\/prva.hr\/index.php\/wp-json\/wp\/v2\/users\/7"}],"replies":[{"embeddable":true,"href":"https:\/\/prva.hr\/index.php\/wp-json\/wp\/v2\/comments?post=13120"}],"version-history":[{"count":1,"href":"https:\/\/prva.hr\/index.php\/wp-json\/wp\/v2\/posts\/13120\/revisions"}],"predecessor-version":[{"id":13121,"href":"https:\/\/prva.hr\/index.php\/wp-json\/wp\/v2\/posts\/13120\/revisions\/13121"}],"wp:attachment":[{"href":"https:\/\/prva.hr\/index.php\/wp-json\/wp\/v2\/media?parent=13120"}],"wp:term":[{"taxonomy":"category","embeddable":true,"href":"https:\/\/prva.hr\/index.php\/wp-json\/wp\/v2\/categories?post=13120"},{"taxonomy":"post_tag","embeddable":true,"href":"https:\/\/prva.hr\/index.php\/wp-json\/wp\/v2\/tags?post=13120"}],"curies":[{"name":"wp","href":"https:\/\/api.w.org\/{rel}","templated":true}]}}