{"id":1317,"date":"2017-04-30T08:16:25","date_gmt":"2017-04-30T06:16:25","guid":{"rendered":"http:\/\/www2.prva.hr\/?p=1317"},"modified":"2025-12-04T09:40:31","modified_gmt":"2025-12-04T08:40:31","slug":"erasmus-prirucnik-za-neodlucne-posrnule-i-lose-citatelje","status":"publish","type":"post","link":"https:\/\/prva.hr\/index.php\/2017\/04\/30\/erasmus-prirucnik-za-neodlucne-posrnule-i-lose-citatelje\/","title":{"rendered":"Erasmus+ Priru\u010dnik za neodlu\u010dne, posrnule i lo\u0161e \u010ditatelje"},"content":{"rendered":"<p>X. gimnazija &#8220;Ivan Supek&#8221; 2016. godine dobila je dvogodi\u0161nji Erasmus+ projekt naziva <strong><em>Priru\u010dnik za neodlu\u010dne, posrnule i lo\u0161e \u010ditatelje<\/em><\/strong>.<\/p>\n<div>U njemu sudjeluju jo\u0161 tri zemlje (Italija, Slova\u010dka i Republika \u010ce\u0161ka), a partneri su nam AZOO i tvrtka Aquilonis.<\/div>\n<div><\/div>\n<div>Projekt je ciljno usmjeren na tzv. RSP \u010ditatelje (<em>reluctant, struggling and poor readers<\/em>). Radi se o dobnoj skupini od 15.-18. godine kada ova populacija vidljivo gubi svaki interes za \u010ditanjem. Problem je ve\u0107 2010. prepoznat kao goru\u0107i europski problem (<a href=\"http:\/\/ec.europa.eu\/dgs\/education_culture\/repository\/education\/policy\/school\/doc\/literacy-report_en.pdf\" target=\"_blank\" rel=\"noopener noreferrer\">http:\/\/ec.europa.eu\/dgs\/education_culture\/repository\/education\/policy\/school\/doc\/literacy-report_en.pdf<\/a>) i\u00a0o\u010dekuje se da \u0107e do 2020. sve europske zemlje, uz ciljno usmjerene inicijative, podi\u0107i razinu uspje\u0161nosti ove klju\u010dne <em>transverzalne<\/em> vje\u0161tine.<\/div>\n<div><\/div>\n<div>Sastavni dio aktivnosti projekta uklju\u010duje i terenski rad, razgovore s kolegama sustru\u010dnjacima i ciljnom grupom u\u010denika kako bi se prikupile vjerodostojne informacije.<\/div>\n<div><\/div>\n<div>Na prijedlog vi\u0161e savjetnice za hrvatski jezik iz AZOO-a Mirele Barbaro\u0161e-\u0160iki\u0107 u projekt je uklju\u010dena I. gimnazija, tj. prof Janji\u0107 sa svojim u\u010denicima.<\/div>\n<div><\/div>\n<div>\n<p><img decoding=\"async\" class=\"aligncenter lazyload\" data-src=\"http:\/\/www.prva.hr\/images\/pdf\/erasmus+.jpg\" width=\"491\" height=\"368\" border=\"0\" src=\"data:image\/svg+xml;base64,PHN2ZyB3aWR0aD0iMSIgaGVpZ2h0PSIxIiB4bWxucz0iaHR0cDovL3d3dy53My5vcmcvMjAwMC9zdmciPjwvc3ZnPg==\" style=\"--smush-placeholder-width: 491px; --smush-placeholder-aspect-ratio: 491\/368;\" \/><\/p>\n<p>&nbsp;<\/p>\n<\/div>\n","protected":false},"excerpt":{"rendered":"<p>X. gimnazija &#8220;Ivan Supek&#8221; 2016. godine dobila je dvogodi\u0161nji Erasmus+ projekt naziva Priru\u010dnik za neodlu\u010dne, posrnule i lo\u0161e \u010ditatelje. U njemu sudjeluju jo\u0161 tri zemlje (Italija, Slova\u010dka i Republika \u010ce\u0161ka), a partneri su nam AZOO i tvrtka Aquilonis. Projekt je ciljno usmjeren na tzv. RSP \u010ditatelje (reluctant, struggling and poor readers). Radi se o dobnoj [&hellip;]<\/p>\n","protected":false},"author":1,"featured_media":0,"comment_status":"closed","ping_status":"closed","sticky":false,"template":"","format":"standard","meta":{"_et_pb_use_builder":"","_et_pb_old_content":"","_et_gb_content_width":"","footnotes":""},"categories":[66,6,148],"tags":[],"class_list":["post-1317","post","type-post","status-publish","format-standard","hentry","category-aktivnosti-projekti-erasmus","category-aktualna-dogadanja","category-erasmus-aktivnosti"],"_links":{"self":[{"href":"https:\/\/prva.hr\/index.php\/wp-json\/wp\/v2\/posts\/1317","targetHints":{"allow":["GET"]}}],"collection":[{"href":"https:\/\/prva.hr\/index.php\/wp-json\/wp\/v2\/posts"}],"about":[{"href":"https:\/\/prva.hr\/index.php\/wp-json\/wp\/v2\/types\/post"}],"author":[{"embeddable":true,"href":"https:\/\/prva.hr\/index.php\/wp-json\/wp\/v2\/users\/1"}],"replies":[{"embeddable":true,"href":"https:\/\/prva.hr\/index.php\/wp-json\/wp\/v2\/comments?post=1317"}],"version-history":[{"count":2,"href":"https:\/\/prva.hr\/index.php\/wp-json\/wp\/v2\/posts\/1317\/revisions"}],"predecessor-version":[{"id":1321,"href":"https:\/\/prva.hr\/index.php\/wp-json\/wp\/v2\/posts\/1317\/revisions\/1321"}],"wp:attachment":[{"href":"https:\/\/prva.hr\/index.php\/wp-json\/wp\/v2\/media?parent=1317"}],"wp:term":[{"taxonomy":"category","embeddable":true,"href":"https:\/\/prva.hr\/index.php\/wp-json\/wp\/v2\/categories?post=1317"},{"taxonomy":"post_tag","embeddable":true,"href":"https:\/\/prva.hr\/index.php\/wp-json\/wp\/v2\/tags?post=1317"}],"curies":[{"name":"wp","href":"https:\/\/api.w.org\/{rel}","templated":true}]}}