{"id":13194,"date":"2022-09-30T15:55:22","date_gmt":"2022-09-30T13:55:22","guid":{"rendered":"https:\/\/www.prva.hr\/?p=13194"},"modified":"2022-12-21T16:22:58","modified_gmt":"2022-12-21T15:22:58","slug":"komunikacijske-radionice-strucnog-tima-skole-u-prvim-razredima","status":"publish","type":"post","link":"https:\/\/prva.hr\/index.php\/2022\/09\/30\/komunikacijske-radionice-strucnog-tima-skole-u-prvim-razredima\/","title":{"rendered":"Komunikacijske radionice stru\u010dnog tima \u0161kole u prvim razredima"},"content":{"rendered":"<p>U okviru\u00a0 \u0160kolske preventivne strategije, po\u010detkom nove \u0161kolske godine, provedene su radionice \u010dlanica stru\u010dnog tima \u0161kole, soc. pedagoginje \u017d. Gregorin i \u0161k. psihologinje V. Luka\u010devi\u0107, prof.\u00a0 s u\u010denicima i u\u010denicama svih prvih razreda na temu komunikacijskih vje\u0161tina pod nazivom\u00a0<strong>\u201cVa\u017enost aktivnog slu\u0161anja i vje\u0161tine prezentiranja\u201d<\/strong>.<\/p>\n<p>Radionice su provedene u razdoblju od\u00a0<strong> 27.\u00a0 do 29. rujna 2022.<\/strong> s ciljem me\u0111usobnog upoznavanja, predstavljanja podru\u010dja rada \u0161k. psihologa i soc. pedagoga u \u0161koli te podru\u010dja suradnje s u\u010denicima. U interaktivnoj vje\u017ebi na\u0161i prva\u0161i i prva\u0161ice imali\u00a0 su priliku, u dobrom raspolo\u017eenju, uvje\u017ebavati va\u017ene komunikacijske, socijalne\u00a0 i prezentacijske vje\u0161tine.<\/p>\n<p><img decoding=\"async\" class=\"alignnone size-medium wp-image-13196 lazyload\" data-src=\"https:\/\/www.prva.hr\/wp-content\/uploads\/2022\/12\/kom3-300x225.jpg\" alt=\"\" width=\"300\" height=\"225\" data-srcset=\"https:\/\/prva.hr\/wp-content\/uploads\/2022\/12\/kom3-300x225.jpg 300w, https:\/\/prva.hr\/wp-content\/uploads\/2022\/12\/kom3-768x576.jpg 768w, https:\/\/prva.hr\/wp-content\/uploads\/2022\/12\/kom3-1024x768.jpg 1024w, https:\/\/prva.hr\/wp-content\/uploads\/2022\/12\/kom3-400x300.jpg 400w\" data-sizes=\"(max-width: 300px) 100vw, 300px\" src=\"data:image\/svg+xml;base64,PHN2ZyB3aWR0aD0iMSIgaGVpZ2h0PSIxIiB4bWxucz0iaHR0cDovL3d3dy53My5vcmcvMjAwMC9zdmciPjwvc3ZnPg==\" style=\"--smush-placeholder-width: 300px; --smush-placeholder-aspect-ratio: 300\/225;\" \/>\u00a0 \u00a0 \u00a0 \u00a0 \u00a0 \u00a0 \u00a0 \u00a0 \u00a0 \u00a0\u00a0<img decoding=\"async\" class=\"alignnone size-medium wp-image-13197 lazyload\" data-src=\"https:\/\/www.prva.hr\/wp-content\/uploads\/2022\/12\/kom2-300x225.jpg\" alt=\"\" width=\"300\" height=\"225\" data-srcset=\"https:\/\/prva.hr\/wp-content\/uploads\/2022\/12\/kom2-300x225.jpg 300w, https:\/\/prva.hr\/wp-content\/uploads\/2022\/12\/kom2-768x576.jpg 768w, https:\/\/prva.hr\/wp-content\/uploads\/2022\/12\/kom2-1024x768.jpg 1024w, https:\/\/prva.hr\/wp-content\/uploads\/2022\/12\/kom2-400x300.jpg 400w\" data-sizes=\"(max-width: 300px) 100vw, 300px\" src=\"data:image\/svg+xml;base64,PHN2ZyB3aWR0aD0iMSIgaGVpZ2h0PSIxIiB4bWxucz0iaHR0cDovL3d3dy53My5vcmcvMjAwMC9zdmciPjwvc3ZnPg==\" style=\"--smush-placeholder-width: 300px; --smush-placeholder-aspect-ratio: 300\/225;\" \/><\/p>\n<p>Sl.Komunikacijske radionice stru\u010dnog tima \u0161kole u prvim razredima<\/p>\n","protected":false},"excerpt":{"rendered":"<p>U okviru\u00a0 \u0160kolske preventivne strategije, po\u010detkom nove \u0161kolske godine, provedene su radionice \u010dlanica stru\u010dnog tima \u0161kole, soc. pedagoginje \u017d. Gregorin i \u0161k. psihologinje V. Luka\u010devi\u0107, prof.\u00a0 s u\u010denicima i u\u010denicama svih prvih razreda na temu komunikacijskih vje\u0161tina pod nazivom\u00a0\u201cVa\u017enost aktivnog slu\u0161anja i vje\u0161tine prezentiranja\u201d. Radionice su provedene u razdoblju od\u00a0 27.\u00a0 do 29. rujna 2022. [&hellip;]<\/p>\n","protected":false},"author":6,"featured_media":13200,"comment_status":"closed","ping_status":"closed","sticky":false,"template":"","format":"standard","meta":{"_et_pb_use_builder":"","_et_pb_old_content":"","_et_gb_content_width":"","footnotes":""},"categories":[5,13],"tags":[],"class_list":["post-13194","post","type-post","status-publish","format-standard","has-post-thumbnail","hentry","category-aktivnosti","category-preventivni-program"],"_links":{"self":[{"href":"https:\/\/prva.hr\/index.php\/wp-json\/wp\/v2\/posts\/13194","targetHints":{"allow":["GET"]}}],"collection":[{"href":"https:\/\/prva.hr\/index.php\/wp-json\/wp\/v2\/posts"}],"about":[{"href":"https:\/\/prva.hr\/index.php\/wp-json\/wp\/v2\/types\/post"}],"author":[{"embeddable":true,"href":"https:\/\/prva.hr\/index.php\/wp-json\/wp\/v2\/users\/6"}],"replies":[{"embeddable":true,"href":"https:\/\/prva.hr\/index.php\/wp-json\/wp\/v2\/comments?post=13194"}],"version-history":[{"count":5,"href":"https:\/\/prva.hr\/index.php\/wp-json\/wp\/v2\/posts\/13194\/revisions"}],"predecessor-version":[{"id":13203,"href":"https:\/\/prva.hr\/index.php\/wp-json\/wp\/v2\/posts\/13194\/revisions\/13203"}],"wp:featuredmedia":[{"embeddable":true,"href":"https:\/\/prva.hr\/index.php\/wp-json\/wp\/v2\/media\/13200"}],"wp:attachment":[{"href":"https:\/\/prva.hr\/index.php\/wp-json\/wp\/v2\/media?parent=13194"}],"wp:term":[{"taxonomy":"category","embeddable":true,"href":"https:\/\/prva.hr\/index.php\/wp-json\/wp\/v2\/categories?post=13194"},{"taxonomy":"post_tag","embeddable":true,"href":"https:\/\/prva.hr\/index.php\/wp-json\/wp\/v2\/tags?post=13194"}],"curies":[{"name":"wp","href":"https:\/\/api.w.org\/{rel}","templated":true}]}}