{"id":13215,"date":"2022-12-20T17:40:24","date_gmt":"2022-12-20T16:40:24","guid":{"rendered":"https:\/\/www.prva.hr\/?p=13215"},"modified":"2022-12-23T13:53:45","modified_gmt":"2022-12-23T12:53:45","slug":"i-gimnazija-kao-primjer-uspjesne-suradnje-u-brizi-za-mentalno-zdravlje-mladih","status":"publish","type":"post","link":"https:\/\/prva.hr\/index.php\/2022\/12\/20\/i-gimnazija-kao-primjer-uspjesne-suradnje-u-brizi-za-mentalno-zdravlje-mladih\/","title":{"rendered":"I. gimnazija kao primjer uspje\u0161ne suradnje u brizi za mentalno zdravlje mladih"},"content":{"rendered":"<p>U \u010detvrtak <strong>22. 12. 2022.<\/strong> ravnateljica Dunja Maru\u0161i\u0107 Brezeti\u0107,\u00a0 sudjelovala je ispred I. gimnazije na Okruglom stolu\u00a0 u Gradskoj skup\u0161tini Grada Zagreba<strong> &#8220;Zajedno u za\u0161titi mentalnog zdravlja djece i mladih: Prikaz suradnje u gradu Zagrebu&#8221;<\/strong> te na sve\u010danom prijemu u pala\u010di Dverce.<\/p>\n<p>Program je organizirao Grad Zagreb, Gradski ured za socijalnu za\u0161titu, zdravstvo, branitelje i osobe s invaliditetom i Centar za zdravlje mladih Doma zdravlja Zagreb &#8211; Istok, povodom studijske posjete izaslanstva Republike Sjeverne Makedonije.<\/p>\n<p>Tom prigodom, I. gimnazija istaknuta je kao primjer uspje\u0161ne suradnje odgojno &#8211; obrazovnih ustanova sa zdravstvenim ustanovama Grada Zagreba u brizi za mentalno zdravlje mladih.<\/p>\n<p>U suradnji s <strong>Centrom za zdravlje mladih<\/strong>,\u00a0 do sada je odr\u017eano stru\u010dno predavanje za nastavnike\/ice \u0161kole na temu prevencije samoozlje\u0111ivanja kod mladih, stru\u010dno predavanje za roditelje u\u010denika svih razreda o izazovima odrastanja &#8211; kako prepoznati rizi\u010dna pona\u0161anja mladih te ciklus radionica za u\u010denike\/ice svih\u00a0 prvih razreda o motivaciji pri u\u010denju &#8220;Ne da mi se &#8211; za\u0161to se ponekad te\u0161ko motivirati i kako se pokrenuti?&#8221; , a za druge razrede na temu brige o sebi i slike o sebi u online svijetu &#8220;A kako sam ja i za\u0161to je to va\u017eno?&#8221; i &#8221; Insta, tik-tok, snap i ja&#8221;. Za u\u010denike\/ice izborne nastave iz psihologije organiziran je posjet Centru za zdravlje mladih i razgovor s psihologinjama Centra.<\/p>\n<p>Na sve\u010danom prijemu u pala\u010di Dverce nastupile su \u010dlanice zbora I. gimnazije\u00a0 i pod vodstvom pro. Kristine Vladu\u0161i\u0107 izvele tradicionalne bo\u017ei\u0107ne skladbe &#8220;U to vrijeme godi\u0161ta&#8221; i &#8220;Bijeli Bo\u017ei\u0107&#8221;.<\/p>\n<p>&nbsp;<\/p>\n<p><img decoding=\"async\" class=\"alignnone size-medium wp-image-13219 lazyload\" data-src=\"https:\/\/www.prva.hr\/wp-content\/uploads\/2022\/12\/zbor3-300x225.jpg\" alt=\"\" width=\"300\" height=\"225\" data-srcset=\"https:\/\/prva.hr\/wp-content\/uploads\/2022\/12\/zbor3-300x225.jpg 300w, https:\/\/prva.hr\/wp-content\/uploads\/2022\/12\/zbor3-768x576.jpg 768w, https:\/\/prva.hr\/wp-content\/uploads\/2022\/12\/zbor3-1024x768.jpg 1024w, https:\/\/prva.hr\/wp-content\/uploads\/2022\/12\/zbor3-400x300.jpg 400w\" data-sizes=\"(max-width: 300px) 100vw, 300px\" src=\"data:image\/svg+xml;base64,PHN2ZyB3aWR0aD0iMSIgaGVpZ2h0PSIxIiB4bWxucz0iaHR0cDovL3d3dy53My5vcmcvMjAwMC9zdmciPjwvc3ZnPg==\" style=\"--smush-placeholder-width: 300px; --smush-placeholder-aspect-ratio: 300\/225;\" \/>\u00a0 \u00a0 \u00a0 \u00a0<img decoding=\"async\" class=\"alignnone size-medium wp-image-13220 lazyload\" data-src=\"https:\/\/www.prva.hr\/wp-content\/uploads\/2022\/12\/zbor2-220x300.jpg\" alt=\"\" width=\"220\" height=\"300\" data-srcset=\"https:\/\/prva.hr\/wp-content\/uploads\/2022\/12\/zbor2-220x300.jpg 220w, https:\/\/prva.hr\/wp-content\/uploads\/2022\/12\/zbor2-768x1049.jpg 768w, https:\/\/prva.hr\/wp-content\/uploads\/2022\/12\/zbor2-749x1024.jpg 749w, https:\/\/prva.hr\/wp-content\/uploads\/2022\/12\/zbor2.jpg 1250w\" data-sizes=\"(max-width: 220px) 100vw, 220px\" src=\"data:image\/svg+xml;base64,PHN2ZyB3aWR0aD0iMSIgaGVpZ2h0PSIxIiB4bWxucz0iaHR0cDovL3d3dy53My5vcmcvMjAwMC9zdmciPjwvc3ZnPg==\" style=\"--smush-placeholder-width: 220px; --smush-placeholder-aspect-ratio: 220\/300;\" \/>\u00a0 \u00a0 \u00a0 \u00a0\u00a0\u00a0 \u00a0 \u00a0 \u00a0 \u00a0 \u00a0 \u00a0 \u00a0 \u00a0 \u00a0 \u00a0 \u00a0 \u00a0 \u00a0 \u00a0 \u00a0 \u00a0 \u00a0 \u00a0 \u00a0 \u00a0 \u00a0 \u00a0 \u00a0 \u00a0 \u00a0 \u00a0 \u00a0 \u00a0 \u00a0 \u00a0 \u00a0 \u00a0 \u00a0 \u00a0 \u00a0 \u00a0 \u00a0 \u00a0 \u00a0 \u00a0\u00a0<img decoding=\"async\" class=\"alignnone size-medium wp-image-13221 lazyload\" data-src=\"https:\/\/www.prva.hr\/wp-content\/uploads\/2022\/12\/zbor-1-300x225.jpg\" alt=\"\" width=\"300\" height=\"225\" data-srcset=\"https:\/\/prva.hr\/wp-content\/uploads\/2022\/12\/zbor-1-300x225.jpg 300w, https:\/\/prva.hr\/wp-content\/uploads\/2022\/12\/zbor-1-768x576.jpg 768w, https:\/\/prva.hr\/wp-content\/uploads\/2022\/12\/zbor-1-1024x768.jpg 1024w, https:\/\/prva.hr\/wp-content\/uploads\/2022\/12\/zbor-1-400x300.jpg 400w, https:\/\/prva.hr\/wp-content\/uploads\/2022\/12\/zbor-1.jpg 1600w\" data-sizes=\"(max-width: 300px) 100vw, 300px\" src=\"data:image\/svg+xml;base64,PHN2ZyB3aWR0aD0iMSIgaGVpZ2h0PSIxIiB4bWxucz0iaHR0cDovL3d3dy53My5vcmcvMjAwMC9zdmciPjwvc3ZnPg==\" style=\"--smush-placeholder-width: 300px; --smush-placeholder-aspect-ratio: 300\/225;\" \/>\u00a0 \u00a0 \u00a0<img decoding=\"async\" class=\"alignnone size-medium wp-image-13236 lazyload\" data-src=\"https:\/\/www.prva.hr\/wp-content\/uploads\/2022\/12\/czm1.1-300x223.jpg\" alt=\"\" width=\"300\" height=\"223\" data-srcset=\"https:\/\/prva.hr\/wp-content\/uploads\/2022\/12\/czm1.1-300x223.jpg 300w, https:\/\/prva.hr\/wp-content\/uploads\/2022\/12\/czm1.1-400x297.jpg 400w, https:\/\/prva.hr\/wp-content\/uploads\/2022\/12\/czm1.1.jpg 585w\" data-sizes=\"(max-width: 300px) 100vw, 300px\" src=\"data:image\/svg+xml;base64,PHN2ZyB3aWR0aD0iMSIgaGVpZ2h0PSIxIiB4bWxucz0iaHR0cDovL3d3dy53My5vcmcvMjAwMC9zdmciPjwvc3ZnPg==\" style=\"--smush-placeholder-width: 300px; --smush-placeholder-aspect-ratio: 300\/223;\" \/><\/p>\n<p>Sl.\u00a0 Sve\u010dani prijem i nastup \u010dlanica zbora I. gimnazije u pala\u010di Dverce<\/p>\n<p>&nbsp;<\/p>\n<p>&nbsp;<\/p>\n<p>&nbsp;<\/p>\n<p>&nbsp;<\/p>\n","protected":false},"excerpt":{"rendered":"<p>U \u010detvrtak 22. 12. 2022. ravnateljica Dunja Maru\u0161i\u0107 Brezeti\u0107,\u00a0 sudjelovala je ispred I. gimnazije na Okruglom stolu\u00a0 u Gradskoj skup\u0161tini Grada Zagreba &#8220;Zajedno u za\u0161titi mentalnog zdravlja djece i mladih: Prikaz suradnje u gradu Zagrebu&#8221; te na sve\u010danom prijemu u pala\u010di Dverce. Program je organizirao Grad Zagreb, Gradski ured za socijalnu za\u0161titu, zdravstvo, branitelje i [&hellip;]<\/p>\n","protected":false},"author":6,"featured_media":13218,"comment_status":"closed","ping_status":"closed","sticky":false,"template":"","format":"standard","meta":{"_et_pb_use_builder":"","_et_pb_old_content":"","_et_gb_content_width":"","footnotes":""},"categories":[4,13],"tags":[],"class_list":["post-13215","post","type-post","status-publish","format-standard","has-post-thumbnail","hentry","category-najnovije-vijesti","category-preventivni-program"],"_links":{"self":[{"href":"https:\/\/prva.hr\/index.php\/wp-json\/wp\/v2\/posts\/13215","targetHints":{"allow":["GET"]}}],"collection":[{"href":"https:\/\/prva.hr\/index.php\/wp-json\/wp\/v2\/posts"}],"about":[{"href":"https:\/\/prva.hr\/index.php\/wp-json\/wp\/v2\/types\/post"}],"author":[{"embeddable":true,"href":"https:\/\/prva.hr\/index.php\/wp-json\/wp\/v2\/users\/6"}],"replies":[{"embeddable":true,"href":"https:\/\/prva.hr\/index.php\/wp-json\/wp\/v2\/comments?post=13215"}],"version-history":[{"count":6,"href":"https:\/\/prva.hr\/index.php\/wp-json\/wp\/v2\/posts\/13215\/revisions"}],"predecessor-version":[{"id":13238,"href":"https:\/\/prva.hr\/index.php\/wp-json\/wp\/v2\/posts\/13215\/revisions\/13238"}],"wp:featuredmedia":[{"embeddable":true,"href":"https:\/\/prva.hr\/index.php\/wp-json\/wp\/v2\/media\/13218"}],"wp:attachment":[{"href":"https:\/\/prva.hr\/index.php\/wp-json\/wp\/v2\/media?parent=13215"}],"wp:term":[{"taxonomy":"category","embeddable":true,"href":"https:\/\/prva.hr\/index.php\/wp-json\/wp\/v2\/categories?post=13215"},{"taxonomy":"post_tag","embeddable":true,"href":"https:\/\/prva.hr\/index.php\/wp-json\/wp\/v2\/tags?post=13215"}],"curies":[{"name":"wp","href":"https:\/\/api.w.org\/{rel}","templated":true}]}}