{"id":13441,"date":"2023-01-27T15:43:27","date_gmt":"2023-01-27T14:43:27","guid":{"rendered":"https:\/\/www.prva.hr\/?p=13441"},"modified":"2023-01-29T23:05:59","modified_gmt":"2023-01-29T22:05:59","slug":"psihologinje-prve-sa-studentima-psihologije-hks","status":"publish","type":"post","link":"https:\/\/prva.hr\/index.php\/2023\/01\/27\/psihologinje-prve-sa-studentima-psihologije-hks\/","title":{"rendered":"Psihologinje Prve sa studentima\/icama psihologije HKS-a"},"content":{"rendered":"<blockquote><p>Na poziv vi\u0161e asistentice i nositeljice kolegija <strong>Psihologija obrazovanja <\/strong>na <strong>Odjelu za psihologiju Hrvatskog katoli\u010dkog sveu\u010dili\u0161ta (HKS)<\/strong> dr.sc. Barbare Bala\u017e, u petak <strong>27. 1. 2023.<\/strong> gostovale su psihologinje I. gimnazije,<strong> stru\u010dna suradnica &#8211; psihologinja Vlasta Luka\u010devi\u0107<\/strong>, prof. i\u00a0<strong>prof. Susanne Homan,<\/strong> nastavnica psihologije.<\/p><\/blockquote>\n<p>Povod susreta bilo je upoznavanje studenata i studentica 1. godine diplomskog studija psihologije s podru\u010djima rada psihologa u \u0161koli.<\/p>\n<p>Tako je budu\u0107e psihologe i psihologinje najvi\u0161e zanimalo \u010duti o\u00a0 neposrednom, individualnom i grupnom radu sa srednjo\u0161kolcima,\u00a0 o \u0161kolskim preventivnim aktivnostima, provedbi istra\u017eivanja, brizi za mentalnom zdravlju mladih, izbornoj nastavi iz psihologije, novim na\u010dinima vrednovanja znanja i sli\u010dno.<\/p>\n<p>Studenti i studentice psihologije najavili su da je u pripremi manifestacija <strong>No\u0107 psihologije HKS-a<\/strong> i pozvali srednjo\u0161kolce Prve gimnazije da je posjete.<\/p>\n<p><img decoding=\"async\" class=\"alignnone wp-image-13443 lazyload\" data-src=\"https:\/\/www.prva.hr\/wp-content\/uploads\/2023\/01\/hks3-300x225.jpg\" alt=\"\" width=\"369\" height=\"277\" data-srcset=\"https:\/\/prva.hr\/wp-content\/uploads\/2023\/01\/hks3-300x225.jpg 300w, https:\/\/prva.hr\/wp-content\/uploads\/2023\/01\/hks3-768x576.jpg 768w, https:\/\/prva.hr\/wp-content\/uploads\/2023\/01\/hks3-1024x767.jpg 1024w, https:\/\/prva.hr\/wp-content\/uploads\/2023\/01\/hks3-400x300.jpg 400w\" data-sizes=\"(max-width: 369px) 100vw, 369px\" src=\"data:image\/svg+xml;base64,PHN2ZyB3aWR0aD0iMSIgaGVpZ2h0PSIxIiB4bWxucz0iaHR0cDovL3d3dy53My5vcmcvMjAwMC9zdmciPjwvc3ZnPg==\" style=\"--smush-placeholder-width: 369px; --smush-placeholder-aspect-ratio: 369\/277;\" \/>\u00a0 \u00a0 \u00a0 \u00a0 \u00a0 \u00a0 \u00a0 \u00a0 \u00a0 \u00a0 \u00a0 \u00a0 \u00a0 \u00a0 \u00a0<img decoding=\"async\" class=\"alignnone size-medium wp-image-13444 lazyload\" data-src=\"https:\/\/www.prva.hr\/wp-content\/uploads\/2023\/01\/hks2-300x276.jpg\" alt=\"\" width=\"300\" height=\"276\" data-srcset=\"https:\/\/prva.hr\/wp-content\/uploads\/2023\/01\/hks2-300x276.jpg 300w, https:\/\/prva.hr\/wp-content\/uploads\/2023\/01\/hks2-768x707.jpg 768w, https:\/\/prva.hr\/wp-content\/uploads\/2023\/01\/hks2-1024x943.jpg 1024w, https:\/\/prva.hr\/wp-content\/uploads\/2023\/01\/hks2-326x300.jpg 326w\" data-sizes=\"(max-width: 300px) 100vw, 300px\" src=\"data:image\/svg+xml;base64,PHN2ZyB3aWR0aD0iMSIgaGVpZ2h0PSIxIiB4bWxucz0iaHR0cDovL3d3dy53My5vcmcvMjAwMC9zdmciPjwvc3ZnPg==\" style=\"--smush-placeholder-width: 300px; --smush-placeholder-aspect-ratio: 300\/276;\" \/><\/p>\n<p>Sl. Psihologinje I. gimnazije\u00a0 Vlasta Luka\u010devi\u0107, prof. i Susanne Homan, prof. u razgovoru sa studentima i studenticama psihologije Hrvatskog katoli\u010dkog sveu\u010dili\u0161ta<\/p>\n<p>&nbsp;<\/p>\n<p>&nbsp;<\/p>\n","protected":false},"excerpt":{"rendered":"<p>Na poziv vi\u0161e asistentice i nositeljice kolegija Psihologija obrazovanja na Odjelu za psihologiju Hrvatskog katoli\u010dkog sveu\u010dili\u0161ta (HKS) dr.sc. Barbare Bala\u017e, u petak 27. 1. 2023. gostovale su psihologinje I. gimnazije, stru\u010dna suradnica &#8211; psihologinja Vlasta Luka\u010devi\u0107, prof. i\u00a0prof. Susanne Homan, nastavnica psihologije. Povod susreta bilo je upoznavanje studenata i studentica 1. godine diplomskog studija psihologije [&hellip;]<\/p>\n","protected":false},"author":6,"featured_media":13442,"comment_status":"closed","ping_status":"closed","sticky":false,"template":"","format":"standard","meta":{"_et_pb_use_builder":"","_et_pb_old_content":"","_et_gb_content_width":"","footnotes":""},"categories":[5,6,51],"tags":[],"class_list":["post-13441","post","type-post","status-publish","format-standard","has-post-thumbnail","hentry","category-aktivnosti","category-aktualna-dogadanja","category-profesionalna-orijentacija"],"_links":{"self":[{"href":"https:\/\/prva.hr\/index.php\/wp-json\/wp\/v2\/posts\/13441","targetHints":{"allow":["GET"]}}],"collection":[{"href":"https:\/\/prva.hr\/index.php\/wp-json\/wp\/v2\/posts"}],"about":[{"href":"https:\/\/prva.hr\/index.php\/wp-json\/wp\/v2\/types\/post"}],"author":[{"embeddable":true,"href":"https:\/\/prva.hr\/index.php\/wp-json\/wp\/v2\/users\/6"}],"replies":[{"embeddable":true,"href":"https:\/\/prva.hr\/index.php\/wp-json\/wp\/v2\/comments?post=13441"}],"version-history":[{"count":7,"href":"https:\/\/prva.hr\/index.php\/wp-json\/wp\/v2\/posts\/13441\/revisions"}],"predecessor-version":[{"id":13462,"href":"https:\/\/prva.hr\/index.php\/wp-json\/wp\/v2\/posts\/13441\/revisions\/13462"}],"wp:featuredmedia":[{"embeddable":true,"href":"https:\/\/prva.hr\/index.php\/wp-json\/wp\/v2\/media\/13442"}],"wp:attachment":[{"href":"https:\/\/prva.hr\/index.php\/wp-json\/wp\/v2\/media?parent=13441"}],"wp:term":[{"taxonomy":"category","embeddable":true,"href":"https:\/\/prva.hr\/index.php\/wp-json\/wp\/v2\/categories?post=13441"},{"taxonomy":"post_tag","embeddable":true,"href":"https:\/\/prva.hr\/index.php\/wp-json\/wp\/v2\/tags?post=13441"}],"curies":[{"name":"wp","href":"https:\/\/api.w.org\/{rel}","templated":true}]}}