{"id":13478,"date":"2023-02-02T16:21:22","date_gmt":"2023-02-02T15:21:22","guid":{"rendered":"https:\/\/www.prva.hr\/?p=13478"},"modified":"2023-02-02T16:21:22","modified_gmt":"2023-02-02T15:21:22","slug":"bhv-education-info-kutak-o-skolovanju-u-inozemstvu","status":"publish","type":"post","link":"https:\/\/prva.hr\/index.php\/2023\/02\/02\/bhv-education-info-kutak-o-skolovanju-u-inozemstvu\/","title":{"rendered":"BHV Education info kutak o \u0161kolovanju u inozemstvu"},"content":{"rendered":"<p>U okviru \u0160kolskog programa profesionalnog informiranja i usmjeravanja,\u00a0 u srijedu <strong>1. velja\u010de 2023.<\/strong> organiziran je\u00a0<strong>BHV Education info kutak\u00a0<\/strong>\u00a0u I. gimnaziji kojim su predstavljene mogu\u0107nosti \u0161kolovanja i stipendiranja u inozemstvu za zainteresirane u\u010denike i u\u010denice.<\/p>\n<p>Tom prigodom, najavljeno je online odr\u017eavanje Me\u0111unarodnog sajma \u0161kolovanja u inozemstvu<strong>\u00a0\u201cDan mobilnosti i edukacije \u201c<\/strong>\u00a04.2. 2023. i\u00a0<strong> Sajma stipendija ameri\u010dkih srednjih\u00a0 \u0161kola <\/strong>23.2.2023.<\/p>\n","protected":false},"excerpt":{"rendered":"<p>U okviru \u0160kolskog programa profesionalnog informiranja i usmjeravanja,\u00a0 u srijedu 1. velja\u010de 2023. organiziran je\u00a0BHV Education info kutak\u00a0\u00a0u I. gimnaziji kojim su predstavljene mogu\u0107nosti \u0161kolovanja i stipendiranja u inozemstvu za zainteresirane u\u010denike i u\u010denice. Tom prigodom, najavljeno je online odr\u017eavanje Me\u0111unarodnog sajma \u0161kolovanja u inozemstvu\u00a0\u201cDan mobilnosti i edukacije \u201c\u00a04.2. 2023. i\u00a0 Sajma stipendija ameri\u010dkih srednjih\u00a0 [&hellip;]<\/p>\n","protected":false},"author":6,"featured_media":13480,"comment_status":"closed","ping_status":"closed","sticky":false,"template":"","format":"standard","meta":{"_et_pb_use_builder":"","_et_pb_old_content":"","_et_gb_content_width":"","footnotes":""},"categories":[5,51],"tags":[],"class_list":["post-13478","post","type-post","status-publish","format-standard","has-post-thumbnail","hentry","category-aktivnosti","category-profesionalna-orijentacija"],"_links":{"self":[{"href":"https:\/\/prva.hr\/index.php\/wp-json\/wp\/v2\/posts\/13478","targetHints":{"allow":["GET"]}}],"collection":[{"href":"https:\/\/prva.hr\/index.php\/wp-json\/wp\/v2\/posts"}],"about":[{"href":"https:\/\/prva.hr\/index.php\/wp-json\/wp\/v2\/types\/post"}],"author":[{"embeddable":true,"href":"https:\/\/prva.hr\/index.php\/wp-json\/wp\/v2\/users\/6"}],"replies":[{"embeddable":true,"href":"https:\/\/prva.hr\/index.php\/wp-json\/wp\/v2\/comments?post=13478"}],"version-history":[{"count":2,"href":"https:\/\/prva.hr\/index.php\/wp-json\/wp\/v2\/posts\/13478\/revisions"}],"predecessor-version":[{"id":13481,"href":"https:\/\/prva.hr\/index.php\/wp-json\/wp\/v2\/posts\/13478\/revisions\/13481"}],"wp:featuredmedia":[{"embeddable":true,"href":"https:\/\/prva.hr\/index.php\/wp-json\/wp\/v2\/media\/13480"}],"wp:attachment":[{"href":"https:\/\/prva.hr\/index.php\/wp-json\/wp\/v2\/media?parent=13478"}],"wp:term":[{"taxonomy":"category","embeddable":true,"href":"https:\/\/prva.hr\/index.php\/wp-json\/wp\/v2\/categories?post=13478"},{"taxonomy":"post_tag","embeddable":true,"href":"https:\/\/prva.hr\/index.php\/wp-json\/wp\/v2\/tags?post=13478"}],"curies":[{"name":"wp","href":"https:\/\/api.w.org\/{rel}","templated":true}]}}