{"id":13539,"date":"2023-02-07T21:56:22","date_gmt":"2023-02-07T20:56:22","guid":{"rendered":"https:\/\/www.prva.hr\/?p=13539"},"modified":"2023-02-07T21:57:03","modified_gmt":"2023-02-07T20:57:03","slug":"dan-sigurnijeg-interneta-u-prvoj","status":"publish","type":"post","link":"https:\/\/prva.hr\/index.php\/2023\/02\/07\/dan-sigurnijeg-interneta-u-prvoj\/","title":{"rendered":"Dan sigurnijeg interneta u Prvoj"},"content":{"rendered":"<p>Danas, 7. velja\u010de 2023., i u Prvoj smo obilje\u017eili Dan sigurnijeg interneta. Ovaj dan obilje\u017eava se svake godine drugog dana u drugom tjednu mjeseca velja\u010de, a odli\u010dna je prilika da se podsjetimo za\u0161to je potrebno biti informiran o svim vrstama internetskih prevara i mogu\u0107im nasilnim pona\u0161anjima kako bismo ih \u0161to uspje\u0161nije izbjegli. Cilj mu je, dakle, informirati mlade o potencijalnim prijete\u0107im opasnostima na internetu te nau\u010diti ih kako sigurnije koristiti internet. Upravo su o tome i na\u0161i u\u010denici danas mogli pone\u0161to saznati putem odr\u017eane parlaonice i ostalih aktivnosti, naravno kroz zabavu!<\/p>\n<p style=\"text-align: center;\"><img decoding=\"async\" class=\"alignnone size-medium wp-image-13540 lazyload\" data-src=\"https:\/\/www.prva.hr\/wp-content\/uploads\/2023\/02\/WhatsApp-Slika-2023-02-07-u-21.43.49-1-300x225.jpg\" alt=\"\" width=\"300\" height=\"225\" data-srcset=\"https:\/\/prva.hr\/wp-content\/uploads\/2023\/02\/WhatsApp-Slika-2023-02-07-u-21.43.49-1-300x225.jpg 300w, https:\/\/prva.hr\/wp-content\/uploads\/2023\/02\/WhatsApp-Slika-2023-02-07-u-21.43.49-1-768x576.jpg 768w, https:\/\/prva.hr\/wp-content\/uploads\/2023\/02\/WhatsApp-Slika-2023-02-07-u-21.43.49-1-1024x768.jpg 1024w, https:\/\/prva.hr\/wp-content\/uploads\/2023\/02\/WhatsApp-Slika-2023-02-07-u-21.43.49-1-400x300.jpg 400w, https:\/\/prva.hr\/wp-content\/uploads\/2023\/02\/WhatsApp-Slika-2023-02-07-u-21.43.49-1.jpg 2000w\" data-sizes=\"(max-width: 300px) 100vw, 300px\" src=\"data:image\/svg+xml;base64,PHN2ZyB3aWR0aD0iMSIgaGVpZ2h0PSIxIiB4bWxucz0iaHR0cDovL3d3dy53My5vcmcvMjAwMC9zdmciPjwvc3ZnPg==\" style=\"--smush-placeholder-width: 300px; --smush-placeholder-aspect-ratio: 300\/225;\" \/><\/p>\n","protected":false},"excerpt":{"rendered":"<p>Danas, 7. velja\u010de 2023., i u Prvoj smo obilje\u017eili Dan sigurnijeg interneta. Ovaj dan obilje\u017eava se svake godine drugog dana u drugom tjednu mjeseca velja\u010de, a odli\u010dna je prilika da se podsjetimo za\u0161to je potrebno biti informiran o svim vrstama internetskih prevara i mogu\u0107im nasilnim pona\u0161anjima kako bismo ih \u0161to uspje\u0161nije izbjegli. Cilj mu je, [&hellip;]<\/p>\n","protected":false},"author":7,"featured_media":13541,"comment_status":"closed","ping_status":"closed","sticky":false,"template":"","format":"standard","meta":{"_et_pb_use_builder":"","_et_pb_old_content":"","_et_gb_content_width":"","footnotes":""},"categories":[13],"tags":[],"class_list":["post-13539","post","type-post","status-publish","format-standard","has-post-thumbnail","hentry","category-preventivni-program"],"_links":{"self":[{"href":"https:\/\/prva.hr\/index.php\/wp-json\/wp\/v2\/posts\/13539","targetHints":{"allow":["GET"]}}],"collection":[{"href":"https:\/\/prva.hr\/index.php\/wp-json\/wp\/v2\/posts"}],"about":[{"href":"https:\/\/prva.hr\/index.php\/wp-json\/wp\/v2\/types\/post"}],"author":[{"embeddable":true,"href":"https:\/\/prva.hr\/index.php\/wp-json\/wp\/v2\/users\/7"}],"replies":[{"embeddable":true,"href":"https:\/\/prva.hr\/index.php\/wp-json\/wp\/v2\/comments?post=13539"}],"version-history":[{"count":2,"href":"https:\/\/prva.hr\/index.php\/wp-json\/wp\/v2\/posts\/13539\/revisions"}],"predecessor-version":[{"id":13543,"href":"https:\/\/prva.hr\/index.php\/wp-json\/wp\/v2\/posts\/13539\/revisions\/13543"}],"wp:featuredmedia":[{"embeddable":true,"href":"https:\/\/prva.hr\/index.php\/wp-json\/wp\/v2\/media\/13541"}],"wp:attachment":[{"href":"https:\/\/prva.hr\/index.php\/wp-json\/wp\/v2\/media?parent=13539"}],"wp:term":[{"taxonomy":"category","embeddable":true,"href":"https:\/\/prva.hr\/index.php\/wp-json\/wp\/v2\/categories?post=13539"},{"taxonomy":"post_tag","embeddable":true,"href":"https:\/\/prva.hr\/index.php\/wp-json\/wp\/v2\/tags?post=13539"}],"curies":[{"name":"wp","href":"https:\/\/api.w.org\/{rel}","templated":true}]}}