{"id":13544,"date":"2023-02-08T09:31:03","date_gmt":"2023-02-08T08:31:03","guid":{"rendered":"https:\/\/www.prva.hr\/?p=13544"},"modified":"2023-02-08T09:32:45","modified_gmt":"2023-02-08T08:32:45","slug":"odrzana-radionica-skok-u-buducnost-za-poduzetnike-ice-prve","status":"publish","type":"post","link":"https:\/\/prva.hr\/index.php\/2023\/02\/08\/odrzana-radionica-skok-u-buducnost-za-poduzetnike-ice-prve\/","title":{"rendered":"Odr\u017eana radionica Skok u budu\u0107nost za &#8220;poduzetnike\/ice&#8221; Prve"},"content":{"rendered":"<p>U okviru fakultativne nastave Poduzetni\u0161tvo za gimnazijalce, u utorak<strong> 7.2. 2023.<\/strong>\u00a0 pod vodstvom prof. Meri Matu\u0161an i u suradnji sa Zakladom Znanje na djelu,\u00a0 odr\u017eana je radionica\u00a0\u00a0<strong>&#8220;Skok u budu\u0107nost&#8221;. <\/strong>Bila je to prilika\u00a0za u\u010denike i u\u010denice da rje\u0161avanjem upitnika dobiju povratnu informaciju o svojim profesionalnim interesima te sudjeluju u prakti\u010dnoj vje\u017ebi simulacije selekcijskog intervjua i uvje\u017ebaju svoje prezentacijske vje\u0161tine.<\/p>\n<p>U nastavku aktivnosti, u\u010denici i u\u010denice imat \u0107e priliku sudjelovati u programu <strong>Mini prakse\u00a0 <\/strong>na na\u010din da dva radna dana provedu u instituciji ili tvrtki od svog profesionalnog interesa.<\/p>\n<p>Odr\u017eana radionica Skok u budu\u0107nost,\u00a0 dio je planiranih aktivnosti kojima I. gimnazija sudjeluje u projektu <strong>KARIJEROlink &amp; Erasmus+Wake up<\/strong>.<\/p>\n<p>&nbsp;<\/p>\n<p><img decoding=\"async\" class=\"alignnone size-medium wp-image-13547 lazyload\" data-src=\"https:\/\/www.prva.hr\/wp-content\/uploads\/2023\/02\/skok-1-300x225.jpg\" alt=\"\" width=\"300\" height=\"225\" data-srcset=\"https:\/\/prva.hr\/wp-content\/uploads\/2023\/02\/skok-1-300x225.jpg 300w, https:\/\/prva.hr\/wp-content\/uploads\/2023\/02\/skok-1-768x576.jpg 768w, https:\/\/prva.hr\/wp-content\/uploads\/2023\/02\/skok-1-1024x768.jpg 1024w, https:\/\/prva.hr\/wp-content\/uploads\/2023\/02\/skok-1-400x300.jpg 400w\" data-sizes=\"(max-width: 300px) 100vw, 300px\" src=\"data:image\/svg+xml;base64,PHN2ZyB3aWR0aD0iMSIgaGVpZ2h0PSIxIiB4bWxucz0iaHR0cDovL3d3dy53My5vcmcvMjAwMC9zdmciPjwvc3ZnPg==\" style=\"--smush-placeholder-width: 300px; --smush-placeholder-aspect-ratio: 300\/225;\" \/>\u00a0 \u00a0 \u00a0<img decoding=\"async\" class=\"alignnone size-medium wp-image-13548 lazyload\" data-src=\"https:\/\/www.prva.hr\/wp-content\/uploads\/2023\/02\/skok3-225x300.jpg\" alt=\"\" width=\"225\" height=\"300\" data-srcset=\"https:\/\/prva.hr\/wp-content\/uploads\/2023\/02\/skok3-225x300.jpg 225w, https:\/\/prva.hr\/wp-content\/uploads\/2023\/02\/skok3-768x1024.jpg 768w\" data-sizes=\"(max-width: 225px) 100vw, 225px\" src=\"data:image\/svg+xml;base64,PHN2ZyB3aWR0aD0iMSIgaGVpZ2h0PSIxIiB4bWxucz0iaHR0cDovL3d3dy53My5vcmcvMjAwMC9zdmciPjwvc3ZnPg==\" style=\"--smush-placeholder-width: 225px; --smush-placeholder-aspect-ratio: 225\/300;\" \/><\/p>\n<p>Sl. Radionica &#8220;Skok u budu\u0107nost&#8221; za u\u010denike\/ice fakultativne nastave Poduzetni\u0161tavo za gimnazijalce<\/p>\n<p>&nbsp;<\/p>\n","protected":false},"excerpt":{"rendered":"<p>U okviru fakultativne nastave Poduzetni\u0161tvo za gimnazijalce, u utorak 7.2. 2023.\u00a0 pod vodstvom prof. Meri Matu\u0161an i u suradnji sa Zakladom Znanje na djelu,\u00a0 odr\u017eana je radionica\u00a0\u00a0&#8220;Skok u budu\u0107nost&#8221;. Bila je to prilika\u00a0za u\u010denike i u\u010denice da rje\u0161avanjem upitnika dobiju povratnu informaciju o svojim profesionalnim interesima te sudjeluju u prakti\u010dnoj vje\u017ebi simulacije selekcijskog intervjua i [&hellip;]<\/p>\n","protected":false},"author":6,"featured_media":13546,"comment_status":"closed","ping_status":"closed","sticky":false,"template":"","format":"standard","meta":{"_et_pb_use_builder":"","_et_pb_old_content":"","_et_gb_content_width":"","footnotes":""},"categories":[5,51],"tags":[],"class_list":["post-13544","post","type-post","status-publish","format-standard","has-post-thumbnail","hentry","category-aktivnosti","category-profesionalna-orijentacija"],"_links":{"self":[{"href":"https:\/\/prva.hr\/index.php\/wp-json\/wp\/v2\/posts\/13544","targetHints":{"allow":["GET"]}}],"collection":[{"href":"https:\/\/prva.hr\/index.php\/wp-json\/wp\/v2\/posts"}],"about":[{"href":"https:\/\/prva.hr\/index.php\/wp-json\/wp\/v2\/types\/post"}],"author":[{"embeddable":true,"href":"https:\/\/prva.hr\/index.php\/wp-json\/wp\/v2\/users\/6"}],"replies":[{"embeddable":true,"href":"https:\/\/prva.hr\/index.php\/wp-json\/wp\/v2\/comments?post=13544"}],"version-history":[{"count":3,"href":"https:\/\/prva.hr\/index.php\/wp-json\/wp\/v2\/posts\/13544\/revisions"}],"predecessor-version":[{"id":13550,"href":"https:\/\/prva.hr\/index.php\/wp-json\/wp\/v2\/posts\/13544\/revisions\/13550"}],"wp:featuredmedia":[{"embeddable":true,"href":"https:\/\/prva.hr\/index.php\/wp-json\/wp\/v2\/media\/13546"}],"wp:attachment":[{"href":"https:\/\/prva.hr\/index.php\/wp-json\/wp\/v2\/media?parent=13544"}],"wp:term":[{"taxonomy":"category","embeddable":true,"href":"https:\/\/prva.hr\/index.php\/wp-json\/wp\/v2\/categories?post=13544"},{"taxonomy":"post_tag","embeddable":true,"href":"https:\/\/prva.hr\/index.php\/wp-json\/wp\/v2\/tags?post=13544"}],"curies":[{"name":"wp","href":"https:\/\/api.w.org\/{rel}","templated":true}]}}