{"id":13578,"date":"2023-02-09T15:16:01","date_gmt":"2023-02-09T14:16:01","guid":{"rendered":"https:\/\/www.prva.hr\/?p=13578"},"modified":"2023-02-09T15:16:01","modified_gmt":"2023-02-09T14:16:01","slug":"bivsi-ucenici-prve-odrzali-prezentaciju-o-studiju-prava","status":"publish","type":"post","link":"https:\/\/prva.hr\/index.php\/2023\/02\/09\/bivsi-ucenici-prve-odrzali-prezentaciju-o-studiju-prava\/","title":{"rendered":"Biv\u0161i u\u010denici Prve odr\u017eali prezentaciju o studiju prava"},"content":{"rendered":"<p>U okviru \u0160kolskog programa profesionalnog informiranja i usmjeravanja u\u00a0 \u010detvrtak<strong> 9.2.2023.<\/strong> odr\u017eana je <strong>prezentacija studija prava i socijalnog rada<\/strong>.<\/p>\n<p>Prezentaciju su, za zainteresirane maturante i maturantice,\u00a0 odr\u017eali biv\u0161i u\u010denici I. gimnazije <strong>Tina Peri\u0107 i Bartul Buli\u0107<\/strong>, studenti zavr\u0161nih godina studija prava na Pravnom fakultetu u Zagrebu. Bila je to prilika da na\u0161i u\u010denici\/ice\u00a0saznaju vi\u0161e o studijskom programu prava i socijalnog rada, o pripremama za ispite dr\u017eavne mature,\u00a0 programima razmjene studenata, mogu\u0107nostima stru\u010dne prakse tijekom studija prava te mogu\u0107nostima zapo\u0161ljavanja po zavr\u0161etku studija.<\/p>\n<p>&nbsp;<\/p>\n<p><img decoding=\"async\" class=\"alignnone size-medium wp-image-13581 lazyload\" data-src=\"https:\/\/www.prva.hr\/wp-content\/uploads\/2023\/02\/pravo-foto1-285x300.jpg\" alt=\"\" width=\"285\" height=\"300\" data-srcset=\"https:\/\/prva.hr\/wp-content\/uploads\/2023\/02\/pravo-foto1-285x300.jpg 285w, https:\/\/prva.hr\/wp-content\/uploads\/2023\/02\/pravo-foto1-768x808.jpg 768w, https:\/\/prva.hr\/wp-content\/uploads\/2023\/02\/pravo-foto1-974x1024.jpg 974w\" data-sizes=\"(max-width: 285px) 100vw, 285px\" src=\"data:image\/svg+xml;base64,PHN2ZyB3aWR0aD0iMSIgaGVpZ2h0PSIxIiB4bWxucz0iaHR0cDovL3d3dy53My5vcmcvMjAwMC9zdmciPjwvc3ZnPg==\" style=\"--smush-placeholder-width: 285px; --smush-placeholder-aspect-ratio: 285\/300;\" \/>\u00a0 \u00a0 \u00a0\u00a0<img decoding=\"async\" class=\"alignnone size-medium wp-image-13582 lazyload\" data-src=\"https:\/\/www.prva.hr\/wp-content\/uploads\/2023\/02\/pravo-foto3-264x300.jpg\" alt=\"\" width=\"264\" height=\"300\" data-srcset=\"https:\/\/prva.hr\/wp-content\/uploads\/2023\/02\/pravo-foto3-264x300.jpg 264w, https:\/\/prva.hr\/wp-content\/uploads\/2023\/02\/pravo-foto3-768x873.jpg 768w, https:\/\/prva.hr\/wp-content\/uploads\/2023\/02\/pravo-foto3-900x1024.jpg 900w\" data-sizes=\"(max-width: 264px) 100vw, 264px\" src=\"data:image\/svg+xml;base64,PHN2ZyB3aWR0aD0iMSIgaGVpZ2h0PSIxIiB4bWxucz0iaHR0cDovL3d3dy53My5vcmcvMjAwMC9zdmciPjwvc3ZnPg==\" style=\"--smush-placeholder-width: 264px; --smush-placeholder-aspect-ratio: 264\/300;\" \/><\/p>\n<p>Sl.\u00a0 Biv\u0161i u\u010denici Prve\u00a0 Tina Peri\u0107 i Bartul Buli\u0107 odr\u017eali prezentaciju studija prava<\/p>\n","protected":false},"excerpt":{"rendered":"<p>U okviru \u0160kolskog programa profesionalnog informiranja i usmjeravanja u\u00a0 \u010detvrtak 9.2.2023. odr\u017eana je prezentacija studija prava i socijalnog rada. Prezentaciju su, za zainteresirane maturante i maturantice,\u00a0 odr\u017eali biv\u0161i u\u010denici I. gimnazije Tina Peri\u0107 i Bartul Buli\u0107, studenti zavr\u0161nih godina studija prava na Pravnom fakultetu u Zagrebu. Bila je to prilika da na\u0161i u\u010denici\/ice\u00a0saznaju vi\u0161e o [&hellip;]<\/p>\n","protected":false},"author":6,"featured_media":13580,"comment_status":"closed","ping_status":"closed","sticky":false,"template":"","format":"standard","meta":{"_et_pb_use_builder":"","_et_pb_old_content":"","_et_gb_content_width":"","footnotes":""},"categories":[5,51],"tags":[],"class_list":["post-13578","post","type-post","status-publish","format-standard","has-post-thumbnail","hentry","category-aktivnosti","category-profesionalna-orijentacija"],"_links":{"self":[{"href":"https:\/\/prva.hr\/index.php\/wp-json\/wp\/v2\/posts\/13578","targetHints":{"allow":["GET"]}}],"collection":[{"href":"https:\/\/prva.hr\/index.php\/wp-json\/wp\/v2\/posts"}],"about":[{"href":"https:\/\/prva.hr\/index.php\/wp-json\/wp\/v2\/types\/post"}],"author":[{"embeddable":true,"href":"https:\/\/prva.hr\/index.php\/wp-json\/wp\/v2\/users\/6"}],"replies":[{"embeddable":true,"href":"https:\/\/prva.hr\/index.php\/wp-json\/wp\/v2\/comments?post=13578"}],"version-history":[{"count":2,"href":"https:\/\/prva.hr\/index.php\/wp-json\/wp\/v2\/posts\/13578\/revisions"}],"predecessor-version":[{"id":13583,"href":"https:\/\/prva.hr\/index.php\/wp-json\/wp\/v2\/posts\/13578\/revisions\/13583"}],"wp:featuredmedia":[{"embeddable":true,"href":"https:\/\/prva.hr\/index.php\/wp-json\/wp\/v2\/media\/13580"}],"wp:attachment":[{"href":"https:\/\/prva.hr\/index.php\/wp-json\/wp\/v2\/media?parent=13578"}],"wp:term":[{"taxonomy":"category","embeddable":true,"href":"https:\/\/prva.hr\/index.php\/wp-json\/wp\/v2\/categories?post=13578"},{"taxonomy":"post_tag","embeddable":true,"href":"https:\/\/prva.hr\/index.php\/wp-json\/wp\/v2\/tags?post=13578"}],"curies":[{"name":"wp","href":"https:\/\/api.w.org\/{rel}","templated":true}]}}