{"id":13648,"date":"2023-02-14T12:33:45","date_gmt":"2023-02-14T11:33:45","guid":{"rendered":"https:\/\/www.prva.hr\/?p=13648"},"modified":"2023-02-20T12:36:28","modified_gmt":"2023-02-20T11:36:28","slug":"natjecanje-u-pisanju-bloga-svjetske-banke-i-financial-timesa","status":"publish","type":"post","link":"https:\/\/prva.hr\/index.php\/2023\/02\/14\/natjecanje-u-pisanju-bloga-svjetske-banke-i-financial-timesa\/","title":{"rendered":"Natjecanje u pisanju bloga Svjetske banke i Financial Timesa"},"content":{"rendered":"<p><span class=\"m_-937535886951024066contentpasted0\">Na natjecanju mogu sudjelovati srednjo\u0161kolci od 16 do 19 godina, a za prijavu je potrebno napisati blog ili esej do 500 rije\u010di na engleskom jeziku na sljede\u0107u temu:<em>\u00a0Kako se hrvatski obrazovni sustav oporavlja od gubitaka u u\u010denju uzrokovanih pandemijom i \u0161to se jo\u0161 mo\u017ee napraviti kako bi se mladi pripremili za poslove budu\u0107nosti?<\/em>.\u00a0<\/span><\/p>\n<p><span class=\"m_-937535886951024066contentpasted0\">Rok za prijavu je 31. 3. 2023. do pono\u0107i, a vi\u0161e informacija mo\u017eete prona\u0107i ovdje:\u00a0<\/span><span lang=\"EN-GB\"><a href=\"http:\/\/wrld.bg\/lMGf50MN4LQ\" target=\"_blank\" rel=\"noopener\" data-saferedirecturl=\"https:\/\/www.google.com\/url?q=http:\/\/wrld.bg\/lMGf50MN4LQ&amp;source=gmail&amp;ust=1676963804914000&amp;usg=AOvVaw1WVEPyte25wZ8yqz_X2oF_\"><span lang=\"HR\">http:\/\/wrld.bg\/lMGf50MN4LQ<\/span><\/a><\/span><span class=\"m_-937535886951024066contentpasted0\">. \u00a0<\/span><\/p>\n<p><span class=\"m_-937535886951024066contentpasted0\">Tako\u0111er, budu\u0107e natje\u010daje i prilike za mlade mo\u017eete pratiti i na\u00a0<\/span><span lang=\"EN-GB\"><a href=\"https:\/\/www.facebook.com\/worldbankcroatia\" target=\"_blank\" rel=\"noopener\" data-saferedirecturl=\"https:\/\/www.google.com\/url?q=https:\/\/www.facebook.com\/worldbankcroatia&amp;source=gmail&amp;ust=1676963804915000&amp;usg=AOvVaw0UHxvuQDQv6QfcRYqIAnFy\"><span lang=\"HR\">slu\u017ebenoj Facebook stranici Ureda Svjetske banke u Hrvatskoj.<\/span><\/a><\/span><span class=\"m_-937535886951024066contentpasted0\"><span lang=\"EN-GB\">\u00a0<\/span><\/span><span class=\"m_-937535886951024066contentpasted0\">\u00a0<\/span><\/p>\n","protected":false},"excerpt":{"rendered":"<p>Na natjecanju mogu sudjelovati srednjo\u0161kolci od 16 do 19 godina, a za prijavu je potrebno napisati blog ili esej do 500 rije\u010di na engleskom jeziku na sljede\u0107u temu:\u00a0Kako se hrvatski obrazovni sustav oporavlja od gubitaka u u\u010denju uzrokovanih pandemijom i \u0161to se jo\u0161 mo\u017ee napraviti kako bi se mladi pripremili za poslove budu\u0107nosti?.\u00a0 Rok za [&hellip;]<\/p>\n","protected":false},"author":7,"featured_media":0,"comment_status":"closed","ping_status":"closed","sticky":false,"template":"","format":"standard","meta":{"_et_pb_use_builder":"","_et_pb_old_content":"","_et_gb_content_width":"","footnotes":""},"categories":[14],"tags":[],"class_list":["post-13648","post","type-post","status-publish","format-standard","hentry","category-dogadanja-izvan-skole"],"_links":{"self":[{"href":"https:\/\/prva.hr\/index.php\/wp-json\/wp\/v2\/posts\/13648","targetHints":{"allow":["GET"]}}],"collection":[{"href":"https:\/\/prva.hr\/index.php\/wp-json\/wp\/v2\/posts"}],"about":[{"href":"https:\/\/prva.hr\/index.php\/wp-json\/wp\/v2\/types\/post"}],"author":[{"embeddable":true,"href":"https:\/\/prva.hr\/index.php\/wp-json\/wp\/v2\/users\/7"}],"replies":[{"embeddable":true,"href":"https:\/\/prva.hr\/index.php\/wp-json\/wp\/v2\/comments?post=13648"}],"version-history":[{"count":1,"href":"https:\/\/prva.hr\/index.php\/wp-json\/wp\/v2\/posts\/13648\/revisions"}],"predecessor-version":[{"id":13649,"href":"https:\/\/prva.hr\/index.php\/wp-json\/wp\/v2\/posts\/13648\/revisions\/13649"}],"wp:attachment":[{"href":"https:\/\/prva.hr\/index.php\/wp-json\/wp\/v2\/media?parent=13648"}],"wp:term":[{"taxonomy":"category","embeddable":true,"href":"https:\/\/prva.hr\/index.php\/wp-json\/wp\/v2\/categories?post=13648"},{"taxonomy":"post_tag","embeddable":true,"href":"https:\/\/prva.hr\/index.php\/wp-json\/wp\/v2\/tags?post=13648"}],"curies":[{"name":"wp","href":"https:\/\/api.w.org\/{rel}","templated":true}]}}