{"id":13662,"date":"2023-02-21T10:51:52","date_gmt":"2023-02-21T09:51:52","guid":{"rendered":"https:\/\/www.prva.hr\/?p=13662"},"modified":"2023-02-21T10:54:20","modified_gmt":"2023-02-21T09:54:20","slug":"13662","status":"publish","type":"post","link":"https:\/\/prva.hr\/index.php\/2023\/02\/21\/13662\/","title":{"rendered":"16. Tjedan psihologije u Hrvatskoj"},"content":{"rendered":"<div><\/div>\n<div>U okviru \u0160kolskog programa profesionalnog informiranja i usmjeravanja,\u00a0 informacija\u00a0 za zainteresirane\u00a0 maturante\/ice i u\u010denike\/ice ostalih razreda o odr\u017eavanju manifestacije\u00a0\u00a0<b>16. Tjedan psihologije od 20.- 26. 2. 2023<\/b>. s nizom besplatnih predavanja i radionica iz podru\u010dja psihologije.<\/div>\n<div>Vi\u0161e na:\u00a0<a href=\"https:\/\/www.psihologija.hr\/index.php?option=com_ohanah&amp;view=events&amp;Itemid=817&amp;filterEvents=&amp;ohanah_category_id=13&amp;geolocated_city=Zagreb&amp;limit=8\" target=\"_blank\" rel=\"noopener\" data-saferedirecturl=\"https:\/\/www.google.com\/url?q=https:\/\/www.psihologija.hr\/index.php?option%3Dcom_ohanah%26view%3Devents%26Itemid%3D817%26filterEvents%3D%26ohanah_category_id%3D13%26geolocated_city%3DZagreb%26limit%3D8&amp;source=gmail&amp;ust=1677058529081000&amp;usg=AOvVaw0yiHrkR2SQEoIc3W9veIVK\">https:\/\/www.psihologija.hr<\/a><\/div>\n<div>U sklopu Tjedna psihologije\u00a0 odr\u017eava se i\u00a0\u00a0<b>No\u0107 psihologije <\/b>na Hrvatskom katoli\u010dkom sveu\u010dili\u0161tu <strong>23. i 24.2. 2023.<\/strong><\/div>\n<div><\/div>\n<div><img decoding=\"async\" class=\"alignnone size-medium wp-image-13663 lazyload\" data-src=\"https:\/\/www.prva.hr\/wp-content\/uploads\/2023\/02\/Tjedan-psihologije-23HKS-300x207.jpg\" alt=\"\" width=\"300\" height=\"207\" data-srcset=\"https:\/\/prva.hr\/wp-content\/uploads\/2023\/02\/Tjedan-psihologije-23HKS-300x207.jpg 300w, https:\/\/prva.hr\/wp-content\/uploads\/2023\/02\/Tjedan-psihologije-23HKS-768x530.jpg 768w, https:\/\/prva.hr\/wp-content\/uploads\/2023\/02\/Tjedan-psihologije-23HKS-1024x707.jpg 1024w, https:\/\/prva.hr\/wp-content\/uploads\/2023\/02\/Tjedan-psihologije-23HKS-400x276.jpg 400w, https:\/\/prva.hr\/wp-content\/uploads\/2023\/02\/Tjedan-psihologije-23HKS.jpg 1587w\" data-sizes=\"(max-width: 300px) 100vw, 300px\" src=\"data:image\/svg+xml;base64,PHN2ZyB3aWR0aD0iMSIgaGVpZ2h0PSIxIiB4bWxucz0iaHR0cDovL3d3dy53My5vcmcvMjAwMC9zdmciPjwvc3ZnPg==\" style=\"--smush-placeholder-width: 300px; --smush-placeholder-aspect-ratio: 300\/207;\" \/>\u00a0 \u00a0 \u00a0 \u00a0<img decoding=\"async\" class=\"alignnone size-medium wp-image-13664 lazyload\" data-src=\"https:\/\/www.prva.hr\/wp-content\/uploads\/2023\/02\/No\u0107-psihologije-23-HKS-300x300.jpg\" alt=\"\" width=\"300\" height=\"300\" data-srcset=\"https:\/\/prva.hr\/wp-content\/uploads\/2023\/02\/No\u0107-psihologije-23-HKS-300x300.jpg 300w, https:\/\/prva.hr\/wp-content\/uploads\/2023\/02\/No\u0107-psihologije-23-HKS-150x150.jpg 150w, https:\/\/prva.hr\/wp-content\/uploads\/2023\/02\/No\u0107-psihologije-23-HKS-768x768.jpg 768w, https:\/\/prva.hr\/wp-content\/uploads\/2023\/02\/No\u0107-psihologije-23-HKS-1024x1024.jpg 1024w, https:\/\/prva.hr\/wp-content\/uploads\/2023\/02\/No\u0107-psihologije-23-HKS.jpg 1080w\" data-sizes=\"(max-width: 300px) 100vw, 300px\" src=\"data:image\/svg+xml;base64,PHN2ZyB3aWR0aD0iMSIgaGVpZ2h0PSIxIiB4bWxucz0iaHR0cDovL3d3dy53My5vcmcvMjAwMC9zdmciPjwvc3ZnPg==\" style=\"--smush-placeholder-width: 300px; --smush-placeholder-aspect-ratio: 300\/300;\" \/><\/div>\n<div>\u00a0Sl. Manifestacija 16. Tjedan psihologije u Hrvatskoj<\/div>\n<div><\/div>\n","protected":false},"excerpt":{"rendered":"<p>U okviru \u0160kolskog programa profesionalnog informiranja i usmjeravanja,\u00a0 informacija\u00a0 za zainteresirane\u00a0 maturante\/ice i u\u010denike\/ice ostalih razreda o odr\u017eavanju manifestacije\u00a0\u00a016. Tjedan psihologije od 20.- 26. 2. 2023. s nizom besplatnih predavanja i radionica iz podru\u010dja psihologije. Vi\u0161e na:\u00a0https:\/\/www.psihologija.hr U sklopu Tjedna psihologije\u00a0 odr\u017eava se i\u00a0\u00a0No\u0107 psihologije na Hrvatskom katoli\u010dkom sveu\u010dili\u0161tu 23. i 24.2. 2023. \u00a0 \u00a0 [&hellip;]<\/p>\n","protected":false},"author":6,"featured_media":13665,"comment_status":"closed","ping_status":"closed","sticky":false,"template":"","format":"standard","meta":{"_et_pb_use_builder":"","_et_pb_old_content":"","_et_gb_content_width":"","footnotes":""},"categories":[51],"tags":[],"class_list":["post-13662","post","type-post","status-publish","format-standard","has-post-thumbnail","hentry","category-profesionalna-orijentacija"],"_links":{"self":[{"href":"https:\/\/prva.hr\/index.php\/wp-json\/wp\/v2\/posts\/13662","targetHints":{"allow":["GET"]}}],"collection":[{"href":"https:\/\/prva.hr\/index.php\/wp-json\/wp\/v2\/posts"}],"about":[{"href":"https:\/\/prva.hr\/index.php\/wp-json\/wp\/v2\/types\/post"}],"author":[{"embeddable":true,"href":"https:\/\/prva.hr\/index.php\/wp-json\/wp\/v2\/users\/6"}],"replies":[{"embeddable":true,"href":"https:\/\/prva.hr\/index.php\/wp-json\/wp\/v2\/comments?post=13662"}],"version-history":[{"count":3,"href":"https:\/\/prva.hr\/index.php\/wp-json\/wp\/v2\/posts\/13662\/revisions"}],"predecessor-version":[{"id":13668,"href":"https:\/\/prva.hr\/index.php\/wp-json\/wp\/v2\/posts\/13662\/revisions\/13668"}],"wp:featuredmedia":[{"embeddable":true,"href":"https:\/\/prva.hr\/index.php\/wp-json\/wp\/v2\/media\/13665"}],"wp:attachment":[{"href":"https:\/\/prva.hr\/index.php\/wp-json\/wp\/v2\/media?parent=13662"}],"wp:term":[{"taxonomy":"category","embeddable":true,"href":"https:\/\/prva.hr\/index.php\/wp-json\/wp\/v2\/categories?post=13662"},{"taxonomy":"post_tag","embeddable":true,"href":"https:\/\/prva.hr\/index.php\/wp-json\/wp\/v2\/tags?post=13662"}],"curies":[{"name":"wp","href":"https:\/\/api.w.org\/{rel}","templated":true}]}}