{"id":13805,"date":"2023-03-09T07:16:15","date_gmt":"2023-03-09T06:16:15","guid":{"rendered":"https:\/\/www.prva.hr\/?p=13805"},"modified":"2023-03-09T07:16:15","modified_gmt":"2023-03-09T06:16:15","slug":"dizel-razvoj-digitalnih-i-zelenih-vjestine","status":"publish","type":"post","link":"https:\/\/prva.hr\/index.php\/2023\/03\/09\/dizel-razvoj-digitalnih-i-zelenih-vjestine\/","title":{"rendered":"DiZel (razvoj Digitalnih i Zelenih vje\u0161tine)"},"content":{"rendered":"<p>Bez <strong>digitalnih vje\u0161tina<\/strong> ne mo\u017eemo zamisliti svakodnevni \u017eivot kao niti zanimanja dana\u0161njice i zanimanja budu\u0107nosti. U posljednje vrijeme sve vi\u0161e se govori o <strong>zelenim vje\u0161tinama<\/strong>, a pojavljuju se nova \u201dzelena\u201d zanimanja. Ove dvije vrste vje\u0161tina u na\u0161em projektu povezuju <strong>briga o okoli\u0161u i kreativnost.<\/strong><\/p>\n<p><strong>Digitalne vje\u0161tine<\/strong> kojima \u0107emo se baviti odnose se na 3D projektiranje i 3D print. 3D ispis koristi se u graditeljstvu, medicini, sportu, arhitekturi, prehrani. Budu\u0107i da \u0161kola posjeduje 3D pisa\u010d, projektom bi \u0161to ve\u0107i broj u\u010denika uklju\u010dili u 3D projektiranje predmeta s logom \u0161kole i kori\u0161tenje 3D pisa\u010da. U\u010denici \u0107e pronala\u017eenjem kreativnih rje\u0161enja kori\u0161tenjem 3d pisa\u010da zadovoljavati potrebe za razli\u010ditim predmetnima koji se proizvode na ekolo\u0161ki prihvatljiv na\u010din.<\/p>\n<p><strong>Zelene vje\u0161tine<\/strong> koje bismo projektom razvijali i poticali odnose se na podru\u010dje mode i dizajna (odr\u017eiva moda). Nakon provedenih aktivnosti u\u010denici \u0107e kreirati digitalni multimedijski \u010dasopis s prikazom rezultata rada i uputama (u obliku slika ili videozapisa) za izradu pojedinih predmeta. Nastali predmeti bit \u0107e prodavani putem postoje\u0107e u\u010deni\u010dke zadruge (Iz Prve ruke).<\/p>\n<p>Projekt DiZel provodit \u0107e se kroz nekoliko etapa, a planirane su razli\u010dite aktivnosti za pojedine etape. Glavni rezultat projekta je pove\u0107anje razine znanja i razvoj digitalnih i zelenih vje\u0161tina.<\/p>\n<p>Projekt je financiran od strane MZO-a.<\/p>\n","protected":false},"excerpt":{"rendered":"<p>Bez digitalnih vje\u0161tina ne mo\u017eemo zamisliti svakodnevni \u017eivot kao niti zanimanja dana\u0161njice i zanimanja budu\u0107nosti. U posljednje vrijeme sve vi\u0161e se govori o zelenim vje\u0161tinama, a pojavljuju se nova \u201dzelena\u201d zanimanja. Ove dvije vrste vje\u0161tina u na\u0161em projektu povezuju briga o okoli\u0161u i kreativnost. Digitalne vje\u0161tine kojima \u0107emo se baviti odnose se na 3D projektiranje [&hellip;]<\/p>\n","protected":false},"author":5,"featured_media":0,"comment_status":"closed","ping_status":"closed","sticky":false,"template":"","format":"standard","meta":{"_et_pb_use_builder":"","_et_pb_old_content":"","_et_gb_content_width":"","footnotes":""},"categories":[70],"tags":[],"class_list":["post-13805","post","type-post","status-publish","format-standard","hentry","category-aktivnosti-projekti-ostali-projekti"],"_links":{"self":[{"href":"https:\/\/prva.hr\/index.php\/wp-json\/wp\/v2\/posts\/13805","targetHints":{"allow":["GET"]}}],"collection":[{"href":"https:\/\/prva.hr\/index.php\/wp-json\/wp\/v2\/posts"}],"about":[{"href":"https:\/\/prva.hr\/index.php\/wp-json\/wp\/v2\/types\/post"}],"author":[{"embeddable":true,"href":"https:\/\/prva.hr\/index.php\/wp-json\/wp\/v2\/users\/5"}],"replies":[{"embeddable":true,"href":"https:\/\/prva.hr\/index.php\/wp-json\/wp\/v2\/comments?post=13805"}],"version-history":[{"count":1,"href":"https:\/\/prva.hr\/index.php\/wp-json\/wp\/v2\/posts\/13805\/revisions"}],"predecessor-version":[{"id":13806,"href":"https:\/\/prva.hr\/index.php\/wp-json\/wp\/v2\/posts\/13805\/revisions\/13806"}],"wp:attachment":[{"href":"https:\/\/prva.hr\/index.php\/wp-json\/wp\/v2\/media?parent=13805"}],"wp:term":[{"taxonomy":"category","embeddable":true,"href":"https:\/\/prva.hr\/index.php\/wp-json\/wp\/v2\/categories?post=13805"},{"taxonomy":"post_tag","embeddable":true,"href":"https:\/\/prva.hr\/index.php\/wp-json\/wp\/v2\/tags?post=13805"}],"curies":[{"name":"wp","href":"https:\/\/api.w.org\/{rel}","templated":true}]}}