{"id":13881,"date":"2023-03-14T17:40:27","date_gmt":"2023-03-14T16:40:27","guid":{"rendered":"https:\/\/www.prva.hr\/?p=13881"},"modified":"2023-03-14T17:44:16","modified_gmt":"2023-03-14T16:44:16","slug":"integrakedu-info-kutak-o-mogucnostima-skolovanja-u-inozemstvu","status":"publish","type":"post","link":"https:\/\/prva.hr\/index.php\/2023\/03\/14\/integrakedu-info-kutak-o-mogucnostima-skolovanja-u-inozemstvu\/","title":{"rendered":"IntegralEdu info kutak u Prvoj o mogu\u0107nostima \u0161kolovanja u inozemstvu"},"content":{"rendered":"<p>U okviru \u0160kolskog programa profesionalnog informiranja i usmjeravanja,\u00a0 u utorak\u00a0<strong>14. o\u017eujka 2023.<\/strong> organiziran je\u00a0<strong>IntegralEdu\u00a0 info kutak\u00a0<\/strong>\u00a0u I. gimnaziji kojim za zainteresirani u\u010denici i u\u010denice mogli dobiti korisne informacije o\u00a0 mogu\u0107nosti \u0161kolovanja i stipendiranja u inozemstvu.<\/p>\n<p>Tom prigodom, najavljeno je\u00a0 odr\u017eavanje Me\u0111unarodnog sajma \u0161kolovanja u inozemstvu<strong>\u00a0\u201cWorld Education Fair \u201c<\/strong>\u00a0koji \u0107e se odr\u017eati 18.3.2023. u Hotelu Sheraton u Zagrebu.<\/p>\n<p>&nbsp;<\/p>\n<p><img decoding=\"async\" class=\"alignnone size-medium wp-image-13885 lazyload\" data-src=\"https:\/\/www.prva.hr\/wp-content\/uploads\/2023\/03\/integral-foto2-228x300.jpg\" alt=\"\" width=\"228\" height=\"300\" data-srcset=\"https:\/\/prva.hr\/wp-content\/uploads\/2023\/03\/integral-foto2-228x300.jpg 228w, https:\/\/prva.hr\/wp-content\/uploads\/2023\/03\/integral-foto2-768x1011.jpg 768w, https:\/\/prva.hr\/wp-content\/uploads\/2023\/03\/integral-foto2-778x1024.jpg 778w\" data-sizes=\"(max-width: 228px) 100vw, 228px\" src=\"data:image\/svg+xml;base64,PHN2ZyB3aWR0aD0iMSIgaGVpZ2h0PSIxIiB4bWxucz0iaHR0cDovL3d3dy53My5vcmcvMjAwMC9zdmciPjwvc3ZnPg==\" style=\"--smush-placeholder-width: 228px; --smush-placeholder-aspect-ratio: 228\/300;\" \/>\u00a0 \u00a0 \u00a0<img decoding=\"async\" class=\"alignnone size-medium wp-image-13886 lazyload\" data-src=\"https:\/\/www.prva.hr\/wp-content\/uploads\/2023\/03\/integral-foto3-214x300.jpg\" alt=\"\" width=\"214\" height=\"300\" data-srcset=\"https:\/\/prva.hr\/wp-content\/uploads\/2023\/03\/integral-foto3-214x300.jpg 214w, https:\/\/prva.hr\/wp-content\/uploads\/2023\/03\/integral-foto3-768x1079.jpg 768w, https:\/\/prva.hr\/wp-content\/uploads\/2023\/03\/integral-foto3-729x1024.jpg 729w, https:\/\/prva.hr\/wp-content\/uploads\/2023\/03\/integral-foto3.jpg 1578w\" data-sizes=\"(max-width: 214px) 100vw, 214px\" src=\"data:image\/svg+xml;base64,PHN2ZyB3aWR0aD0iMSIgaGVpZ2h0PSIxIiB4bWxucz0iaHR0cDovL3d3dy53My5vcmcvMjAwMC9zdmciPjwvc3ZnPg==\" style=\"--smush-placeholder-width: 214px; --smush-placeholder-aspect-ratio: 214\/300;\" \/><\/p>\n<p>Sl. Info kutak IntegralEdu o mogu\u0107nostima studiranja u inozemstvu i\u00a0 najava &#8220;World Education Fair&#8221; za zainteresirane u\u010denike i u\u010denice Prve<\/p>\n","protected":false},"excerpt":{"rendered":"<p>U okviru \u0160kolskog programa profesionalnog informiranja i usmjeravanja,\u00a0 u utorak\u00a014. o\u017eujka 2023. organiziran je\u00a0IntegralEdu\u00a0 info kutak\u00a0\u00a0u I. gimnaziji kojim za zainteresirani u\u010denici i u\u010denice mogli dobiti korisne informacije o\u00a0 mogu\u0107nosti \u0161kolovanja i stipendiranja u inozemstvu. Tom prigodom, najavljeno je\u00a0 odr\u017eavanje Me\u0111unarodnog sajma \u0161kolovanja u inozemstvu\u00a0\u201cWorld Education Fair \u201c\u00a0koji \u0107e se odr\u017eati 18.3.2023. u Hotelu Sheraton [&hellip;]<\/p>\n","protected":false},"author":6,"featured_media":13884,"comment_status":"closed","ping_status":"closed","sticky":false,"template":"","format":"standard","meta":{"_et_pb_use_builder":"","_et_pb_old_content":"","_et_gb_content_width":"","footnotes":""},"categories":[5,51],"tags":[],"class_list":["post-13881","post","type-post","status-publish","format-standard","has-post-thumbnail","hentry","category-aktivnosti","category-profesionalna-orijentacija"],"_links":{"self":[{"href":"https:\/\/prva.hr\/index.php\/wp-json\/wp\/v2\/posts\/13881","targetHints":{"allow":["GET"]}}],"collection":[{"href":"https:\/\/prva.hr\/index.php\/wp-json\/wp\/v2\/posts"}],"about":[{"href":"https:\/\/prva.hr\/index.php\/wp-json\/wp\/v2\/types\/post"}],"author":[{"embeddable":true,"href":"https:\/\/prva.hr\/index.php\/wp-json\/wp\/v2\/users\/6"}],"replies":[{"embeddable":true,"href":"https:\/\/prva.hr\/index.php\/wp-json\/wp\/v2\/comments?post=13881"}],"version-history":[{"count":8,"href":"https:\/\/prva.hr\/index.php\/wp-json\/wp\/v2\/posts\/13881\/revisions"}],"predecessor-version":[{"id":13894,"href":"https:\/\/prva.hr\/index.php\/wp-json\/wp\/v2\/posts\/13881\/revisions\/13894"}],"wp:featuredmedia":[{"embeddable":true,"href":"https:\/\/prva.hr\/index.php\/wp-json\/wp\/v2\/media\/13884"}],"wp:attachment":[{"href":"https:\/\/prva.hr\/index.php\/wp-json\/wp\/v2\/media?parent=13881"}],"wp:term":[{"taxonomy":"category","embeddable":true,"href":"https:\/\/prva.hr\/index.php\/wp-json\/wp\/v2\/categories?post=13881"},{"taxonomy":"post_tag","embeddable":true,"href":"https:\/\/prva.hr\/index.php\/wp-json\/wp\/v2\/tags?post=13881"}],"curies":[{"name":"wp","href":"https:\/\/api.w.org\/{rel}","templated":true}]}}