{"id":13912,"date":"2023-03-28T15:30:55","date_gmt":"2023-03-28T13:30:55","guid":{"rendered":"https:\/\/www.prva.hr\/?p=13912"},"modified":"2023-03-28T15:33:20","modified_gmt":"2023-03-28T13:33:20","slug":"28-kap-dobrote-29-31-3-2","status":"publish","type":"post","link":"https:\/\/prva.hr\/index.php\/2023\/03\/28\/28-kap-dobrote-29-31-3-2\/","title":{"rendered":"28. Kap dobrote (29.-31.3.)"},"content":{"rendered":"<div dir=\"auto\">Krajem o\u017eujka imat \u0107emo na\u0161u tradicionalnu humanitarnu akciju Kap dobrote.\u00a0<span class=\"x3nfvp2 x1j61x8r x1fcty0u xdj266r xhhsvwb xat24cr xgzva0m xxymvpz xlup9mm x1kky2od\"><img decoding=\"async\" data-src=\"https:\/\/static.xx.fbcdn.net\/images\/emoji.php\/v9\/t42\/1\/16\/1f4a7.png\" alt=\"\ud83d\udca7\" width=\"16\" height=\"16\" src=\"data:image\/svg+xml;base64,PHN2ZyB3aWR0aD0iMSIgaGVpZ2h0PSIxIiB4bWxucz0iaHR0cDovL3d3dy53My5vcmcvMjAwMC9zdmciPjwvc3ZnPg==\" class=\"lazyload\" style=\"--smush-placeholder-width: 16px; --smush-placeholder-aspect-ratio: 16\/16;\" \/>\u00a0<\/span><\/div>\n<div dir=\"auto\"><\/div>\n<div dir=\"auto\"><\/div>\n<div dir=\"auto\">Trajat \u0107e tri dana, a u\u010denici i djelatnici \u0161kole marljivo rade na osmi\u0161ljavanju raznih aktivnosti. Tema ovogodi\u0161nje Kapi dobrote su zanimanja.<\/div>\n<div dir=\"auto\"><\/div>\n<div dir=\"auto\"><\/div>\n<div dir=\"auto\">Jedva \u010dekamo po\u010detak!<\/div>\n<div dir=\"auto\"><\/div>\n<div dir=\"auto\"><\/div>\n<div dir=\"auto\">Raspored doga\u0111anja po danima mo\u017eete pogledati\u00a0<a href=\"https:\/\/www.prva.hr\/wp-content\/uploads\/2023\/03\/Kap-dobrote-23-raspored-po-danima.png\" target=\"_blank\" rel=\"noopener\">ovdje<\/a>.<\/div>\n","protected":false},"excerpt":{"rendered":"<p>Krajem o\u017eujka imat \u0107emo na\u0161u tradicionalnu humanitarnu akciju Kap dobrote.\u00a0\u00a0 Trajat \u0107e tri dana, a u\u010denici i djelatnici \u0161kole marljivo rade na osmi\u0161ljavanju raznih aktivnosti. Tema ovogodi\u0161nje Kapi dobrote su zanimanja. Jedva \u010dekamo po\u010detak! Raspored doga\u0111anja po danima mo\u017eete pogledati\u00a0ovdje.<\/p>\n","protected":false},"author":7,"featured_media":13907,"comment_status":"closed","ping_status":"closed","sticky":false,"template":"","format":"standard","meta":{"_et_pb_use_builder":"","_et_pb_old_content":"","_et_gb_content_width":"","footnotes":""},"categories":[4],"tags":[],"class_list":["post-13912","post","type-post","status-publish","format-standard","has-post-thumbnail","hentry","category-najnovije-vijesti"],"_links":{"self":[{"href":"https:\/\/prva.hr\/index.php\/wp-json\/wp\/v2\/posts\/13912","targetHints":{"allow":["GET"]}}],"collection":[{"href":"https:\/\/prva.hr\/index.php\/wp-json\/wp\/v2\/posts"}],"about":[{"href":"https:\/\/prva.hr\/index.php\/wp-json\/wp\/v2\/types\/post"}],"author":[{"embeddable":true,"href":"https:\/\/prva.hr\/index.php\/wp-json\/wp\/v2\/users\/7"}],"replies":[{"embeddable":true,"href":"https:\/\/prva.hr\/index.php\/wp-json\/wp\/v2\/comments?post=13912"}],"version-history":[{"count":2,"href":"https:\/\/prva.hr\/index.php\/wp-json\/wp\/v2\/posts\/13912\/revisions"}],"predecessor-version":[{"id":13963,"href":"https:\/\/prva.hr\/index.php\/wp-json\/wp\/v2\/posts\/13912\/revisions\/13963"}],"wp:featuredmedia":[{"embeddable":true,"href":"https:\/\/prva.hr\/index.php\/wp-json\/wp\/v2\/media\/13907"}],"wp:attachment":[{"href":"https:\/\/prva.hr\/index.php\/wp-json\/wp\/v2\/media?parent=13912"}],"wp:term":[{"taxonomy":"category","embeddable":true,"href":"https:\/\/prva.hr\/index.php\/wp-json\/wp\/v2\/categories?post=13912"},{"taxonomy":"post_tag","embeddable":true,"href":"https:\/\/prva.hr\/index.php\/wp-json\/wp\/v2\/tags?post=13912"}],"curies":[{"name":"wp","href":"https:\/\/api.w.org\/{rel}","templated":true}]}}