{"id":13923,"date":"2023-03-19T11:32:56","date_gmt":"2023-03-19T10:32:56","guid":{"rendered":"https:\/\/www.prva.hr\/?p=13923"},"modified":"2023-03-19T11:36:52","modified_gmt":"2023-03-19T10:36:52","slug":"bup-buvljak-u-prvoj","status":"publish","type":"post","link":"https:\/\/prva.hr\/index.php\/2023\/03\/19\/bup-buvljak-u-prvoj\/","title":{"rendered":"BuP (Buvljak u Prvoj)"},"content":{"rendered":"<p>U\u010denici koji poha\u0111aju izbornu nastavu iz Biologije i fakultativnu nastavu Ra\u010dunalni dizajn organiziraju Buvljak u Prvoj. Ako ima\u0161 odjevne predmete koje vi\u0161e ne nosi\u0161 i koji ti zauzimaju prostor u ormaru imamo rje\u0161enje. U ponedjeljak, utorak i srijedu donesi svoju odje\u0107u i predaj na \u0161tandu koji \u0107e biti postavljen u holu \u0161kole. Dobit \u0107e\u0161 kupon na kojem \u0107e biti zabilje\u017een broj odjevnih komada. U petak 24.3. nakon nastave mo\u017ee\u0161 iskoristiti kupone i izabrati neki drugi predmet. Ukoliko nema\u0161 odje\u0107e za razmjenu svejedno mo\u017ee\u0161 do\u0107i u petak i kupiti odjevne komade po simboli\u010dnoj cijeni (1 komad=1 euro).<\/p>\n<p>Aktivnost je dio projekta DiZel (razvoj digitalnih i zelenih vje\u0161tina) koji je financiran sredstvima MZO-a.<\/p>\n<p>Vi\u0161ak odje\u0107e bit \u0107e doniran nekoj Udruzi.<\/p>\n","protected":false},"excerpt":{"rendered":"<p>U\u010denici koji poha\u0111aju izbornu nastavu iz Biologije i fakultativnu nastavu Ra\u010dunalni dizajn organiziraju Buvljak u Prvoj. Ako ima\u0161 odjevne predmete koje vi\u0161e ne nosi\u0161 i koji ti zauzimaju prostor u ormaru imamo rje\u0161enje. U ponedjeljak, utorak i srijedu donesi svoju odje\u0107u i predaj na \u0161tandu koji \u0107e biti postavljen u holu \u0161kole. Dobit \u0107e\u0161 kupon [&hellip;]<\/p>\n","protected":false},"author":5,"featured_media":13924,"comment_status":"closed","ping_status":"closed","sticky":false,"template":"","format":"standard","meta":{"_et_pb_use_builder":"","_et_pb_old_content":"","_et_gb_content_width":"","footnotes":""},"categories":[70,6,4,8],"tags":[],"class_list":["post-13923","post","type-post","status-publish","format-standard","has-post-thumbnail","hentry","category-aktivnosti-projekti-ostali-projekti","category-aktualna-dogadanja","category-najnovije-vijesti","category-projekti"],"_links":{"self":[{"href":"https:\/\/prva.hr\/index.php\/wp-json\/wp\/v2\/posts\/13923","targetHints":{"allow":["GET"]}}],"collection":[{"href":"https:\/\/prva.hr\/index.php\/wp-json\/wp\/v2\/posts"}],"about":[{"href":"https:\/\/prva.hr\/index.php\/wp-json\/wp\/v2\/types\/post"}],"author":[{"embeddable":true,"href":"https:\/\/prva.hr\/index.php\/wp-json\/wp\/v2\/users\/5"}],"replies":[{"embeddable":true,"href":"https:\/\/prva.hr\/index.php\/wp-json\/wp\/v2\/comments?post=13923"}],"version-history":[{"count":2,"href":"https:\/\/prva.hr\/index.php\/wp-json\/wp\/v2\/posts\/13923\/revisions"}],"predecessor-version":[{"id":13926,"href":"https:\/\/prva.hr\/index.php\/wp-json\/wp\/v2\/posts\/13923\/revisions\/13926"}],"wp:featuredmedia":[{"embeddable":true,"href":"https:\/\/prva.hr\/index.php\/wp-json\/wp\/v2\/media\/13924"}],"wp:attachment":[{"href":"https:\/\/prva.hr\/index.php\/wp-json\/wp\/v2\/media?parent=13923"}],"wp:term":[{"taxonomy":"category","embeddable":true,"href":"https:\/\/prva.hr\/index.php\/wp-json\/wp\/v2\/categories?post=13923"},{"taxonomy":"post_tag","embeddable":true,"href":"https:\/\/prva.hr\/index.php\/wp-json\/wp\/v2\/tags?post=13923"}],"curies":[{"name":"wp","href":"https:\/\/api.w.org\/{rel}","templated":true}]}}