{"id":13929,"date":"2023-03-20T09:46:19","date_gmt":"2023-03-20T08:46:19","guid":{"rendered":"https:\/\/www.prva.hr\/?p=13929"},"modified":"2023-03-20T09:46:19","modified_gmt":"2023-03-20T08:46:19","slug":"prvaci-u-futsalu","status":"publish","type":"post","link":"https:\/\/prva.hr\/index.php\/2023\/03\/20\/prvaci-u-futsalu\/","title":{"rendered":"Prvaci u futsalu"},"content":{"rendered":"<div class=\"x11i5rnm xat24cr x1mh8g0r x1vvkbs xdj266r x126k92a\">\n<div dir=\"auto\">Srijeda, 15. o\u017eujka 2023. zauvijek \u0107e zauzimati sasvim posebno mjesto u povijesti na\u0161e \u0161kole. <span class=\"x3nfvp2 x1j61x8r x1fcty0u xdj266r xhhsvwb xat24cr xgzva0m xxymvpz xlup9mm x1kky2od\"><img decoding=\"async\" data-src=\"https:\/\/static.xx.fbcdn.net\/images\/emoji.php\/v9\/tbe\/1\/16\/1f3c6.png\" alt=\"\ud83c\udfc6\" width=\"16\" height=\"16\" src=\"data:image\/svg+xml;base64,PHN2ZyB3aWR0aD0iMSIgaGVpZ2h0PSIxIiB4bWxucz0iaHR0cDovL3d3dy53My5vcmcvMjAwMC9zdmciPjwvc3ZnPg==\" class=\"lazyload\" style=\"--smush-placeholder-width: 16px; --smush-placeholder-aspect-ratio: 16\/16;\" \/><\/span><\/div>\n<\/div>\n<div class=\"x11i5rnm xat24cr x1mh8g0r x1vvkbs xtlvy1s x126k92a\">\n<div dir=\"auto\">Na\u0161a mu\u0161ka reprezentacija u futsalu zaigrala je u finalu srednjo\u0161kolskog natjecanja Grada Zagreba. \u0160kolski sportski savez Grada Zagreba za tu je prigodu osigurao prostor Arene te su na\u0161i de\u010dki imali jedinstvenu priliku zaigrati u toj prekrasnoj dvorani.<\/div>\n<div dir=\"auto\">\n<div class=\"x11i5rnm xat24cr x1mh8g0r x1vvkbs xtlvy1s x126k92a\">\n<div dir=\"auto\"><\/div>\n<div dir=\"auto\">Velika se drama odvijala na terenu. Protivni\u010dka ekipa Prirodoslovne \u0161kole Vladimira Preloga dvaput je povela, a na\u0161i se de\u010dki vra\u0107ali u igru. Onda su uslijedili &#8220;infarktni&#8221; penali koji su zavr\u0161ili u na\u0161u korist te smo postali prvaci. Po prvi puta u ovom sportu ikad! <span class=\"x3nfvp2 x1j61x8r x1fcty0u xdj266r xhhsvwb xat24cr xgzva0m xxymvpz xlup9mm x1kky2od\"><img decoding=\"async\" data-src=\"https:\/\/static.xx.fbcdn.net\/images\/emoji.php\/v9\/taf\/1\/16\/26bd.png\" alt=\"\u26bd\ufe0f\" width=\"16\" height=\"16\" src=\"data:image\/svg+xml;base64,PHN2ZyB3aWR0aD0iMSIgaGVpZ2h0PSIxIiB4bWxucz0iaHR0cDovL3d3dy53My5vcmcvMjAwMC9zdmciPjwvc3ZnPg==\" class=\"lazyload\" style=\"--smush-placeholder-width: 16px; --smush-placeholder-aspect-ratio: 16\/16;\" \/><\/span><\/div>\n<div dir=\"auto\"><\/div>\n<\/div>\n<\/div>\n<\/div>\n<div dir=\"auto\"><\/div>\n<div dir=\"auto\"><img decoding=\"async\" class=\"alignnone size-medium wp-image-13932 aligncenter lazyload\" data-src=\"https:\/\/www.prva.hr\/wp-content\/uploads\/2023\/03\/IMG-20230320-WA0000-300x200.jpg\" alt=\"\" width=\"300\" height=\"200\" data-srcset=\"https:\/\/prva.hr\/wp-content\/uploads\/2023\/03\/IMG-20230320-WA0000-300x200.jpg 300w, https:\/\/prva.hr\/wp-content\/uploads\/2023\/03\/IMG-20230320-WA0000-768x512.jpg 768w, https:\/\/prva.hr\/wp-content\/uploads\/2023\/03\/IMG-20230320-WA0000-1024x683.jpg 1024w, https:\/\/prva.hr\/wp-content\/uploads\/2023\/03\/IMG-20230320-WA0000-400x267.jpg 400w, https:\/\/prva.hr\/wp-content\/uploads\/2023\/03\/IMG-20230320-WA0000.jpg 1080w\" data-sizes=\"(max-width: 300px) 100vw, 300px\" src=\"data:image\/svg+xml;base64,PHN2ZyB3aWR0aD0iMSIgaGVpZ2h0PSIxIiB4bWxucz0iaHR0cDovL3d3dy53My5vcmcvMjAwMC9zdmciPjwvc3ZnPg==\" style=\"--smush-placeholder-width: 300px; --smush-placeholder-aspect-ratio: 300\/200;\" \/><\/div>\n<div dir=\"auto\"><\/div>\n<div dir=\"auto\"><\/div>\n<div dir=\"auto\"><\/div>\n<div class=\"x11i5rnm xat24cr x1mh8g0r x1vvkbs xtlvy1s x126k92a\">\n<div dir=\"auto\">\n<div class=\"x11i5rnm xat24cr x1mh8g0r x1vvkbs xtlvy1s x126k92a\">\n<div dir=\"auto\">Nastala je eksplozija emocija i veliko slavlje. Prekrasno je bilo vidjeti tribine pune na\u0161ih navija\u010da!<\/div>\n<div dir=\"auto\">Uskoro ekipa ide braniti boje \u0161kole na Dr\u017eavnom natjecanju.<\/div>\n<div dir=\"auto\"><\/div>\n<\/div>\n<\/div>\n<\/div>\n<div dir=\"auto\"><\/div>\n<div dir=\"auto\"><img decoding=\"async\" class=\"alignnone size-medium wp-image-13931 aligncenter lazyload\" data-src=\"https:\/\/www.prva.hr\/wp-content\/uploads\/2023\/03\/publika-300x135.jpg\" alt=\"\" width=\"300\" height=\"135\" data-srcset=\"https:\/\/prva.hr\/wp-content\/uploads\/2023\/03\/publika-300x135.jpg 300w, https:\/\/prva.hr\/wp-content\/uploads\/2023\/03\/publika-768x346.jpg 768w, https:\/\/prva.hr\/wp-content\/uploads\/2023\/03\/publika-1024x461.jpg 1024w, https:\/\/prva.hr\/wp-content\/uploads\/2023\/03\/publika-400x180.jpg 400w\" data-sizes=\"(max-width: 300px) 100vw, 300px\" src=\"data:image\/svg+xml;base64,PHN2ZyB3aWR0aD0iMSIgaGVpZ2h0PSIxIiB4bWxucz0iaHR0cDovL3d3dy53My5vcmcvMjAwMC9zdmciPjwvc3ZnPg==\" style=\"--smush-placeholder-width: 300px; --smush-placeholder-aspect-ratio: 300\/135;\" \/><\/div>\n","protected":false},"excerpt":{"rendered":"<p>Srijeda, 15. o\u017eujka 2023. zauvijek \u0107e zauzimati sasvim posebno mjesto u povijesti na\u0161e \u0161kole. Na\u0161a mu\u0161ka reprezentacija u futsalu zaigrala je u finalu srednjo\u0161kolskog natjecanja Grada Zagreba. \u0160kolski sportski savez Grada Zagreba za tu je prigodu osigurao prostor Arene te su na\u0161i de\u010dki imali jedinstvenu priliku zaigrati u toj prekrasnoj dvorani. Velika se drama odvijala [&hellip;]<\/p>\n","protected":false},"author":7,"featured_media":13930,"comment_status":"closed","ping_status":"closed","sticky":false,"template":"","format":"standard","meta":{"_et_pb_use_builder":"","_et_pb_old_content":"","_et_gb_content_width":"","footnotes":""},"categories":[4],"tags":[],"class_list":["post-13929","post","type-post","status-publish","format-standard","has-post-thumbnail","hentry","category-najnovije-vijesti"],"_links":{"self":[{"href":"https:\/\/prva.hr\/index.php\/wp-json\/wp\/v2\/posts\/13929","targetHints":{"allow":["GET"]}}],"collection":[{"href":"https:\/\/prva.hr\/index.php\/wp-json\/wp\/v2\/posts"}],"about":[{"href":"https:\/\/prva.hr\/index.php\/wp-json\/wp\/v2\/types\/post"}],"author":[{"embeddable":true,"href":"https:\/\/prva.hr\/index.php\/wp-json\/wp\/v2\/users\/7"}],"replies":[{"embeddable":true,"href":"https:\/\/prva.hr\/index.php\/wp-json\/wp\/v2\/comments?post=13929"}],"version-history":[{"count":1,"href":"https:\/\/prva.hr\/index.php\/wp-json\/wp\/v2\/posts\/13929\/revisions"}],"predecessor-version":[{"id":13933,"href":"https:\/\/prva.hr\/index.php\/wp-json\/wp\/v2\/posts\/13929\/revisions\/13933"}],"wp:featuredmedia":[{"embeddable":true,"href":"https:\/\/prva.hr\/index.php\/wp-json\/wp\/v2\/media\/13930"}],"wp:attachment":[{"href":"https:\/\/prva.hr\/index.php\/wp-json\/wp\/v2\/media?parent=13929"}],"wp:term":[{"taxonomy":"category","embeddable":true,"href":"https:\/\/prva.hr\/index.php\/wp-json\/wp\/v2\/categories?post=13929"},{"taxonomy":"post_tag","embeddable":true,"href":"https:\/\/prva.hr\/index.php\/wp-json\/wp\/v2\/tags?post=13929"}],"curies":[{"name":"wp","href":"https:\/\/api.w.org\/{rel}","templated":true}]}}