{"id":13937,"date":"2023-03-20T16:26:15","date_gmt":"2023-03-20T15:26:15","guid":{"rendered":"https:\/\/www.prva.hr\/?p=13937"},"modified":"2023-03-20T16:26:33","modified_gmt":"2023-03-20T15:26:33","slug":"uspjesno-odrzan-dan-pmf-a-u-prvoj","status":"publish","type":"post","link":"https:\/\/prva.hr\/index.php\/2023\/03\/20\/uspjesno-odrzan-dan-pmf-a-u-prvoj\/","title":{"rendered":"Uspje\u0161no odr\u017ean Dan PMF-a u Prvoj"},"content":{"rendered":"<p>U okviru \u0160kolskog programa profesionalnog informiranja i usmjeravanja, u ponedjeljak <strong>20. o\u017eujka 2023. <\/strong>u I. gimnaziji odr\u017ean je &#8220;<strong>Dan PMF-a u Prvoj!&#8221;<\/strong>.<\/p>\n<p>Pod velikim odmorom na\u0161i maturanti\/ice i u\u010denici\/ice imali su priliku razgovarati sa studentima\/icama\u00a0 i profesorima u <strong>Info kutku PMF-a<\/strong> u predvorju \u0161kole i prikupiti korisne informacije o studijskim programima PMF-a od svojih interesa.<\/p>\n<p>Tijekom 8. sata za maturante\/ice dva prirodoslovno- matemati\u010dka razreda 4.b i 4. f te zainteresirane u\u010denike\/ice svih ostalih razreda odr\u017eana je<strong> prezentacija studijskih programa svih 7 odsjeka PMF-a<\/strong>: Biolo\u0161kog, Fizi\u010dkog, Kemijskog, Geografskog, Geolo\u0161kog, Geofizi\u010dkog,\u00a0 i Matemati\u010dkog odsjeka.<\/p>\n<p>Organizacija ovakvog doga\u0111anja bila je prilika za potaknuti u\u010denike\/ice\u00a0 na aktivnu ulogu u istra\u017eivanju i identificiranju profesionalnih interesa i budu\u0107e karijere.<\/p>\n<p>&nbsp;<\/p>\n<p><img decoding=\"async\" class=\"alignnone size-medium wp-image-13941 lazyload\" data-src=\"https:\/\/www.prva.hr\/wp-content\/uploads\/2023\/03\/pmf-foto4-300x224.jpg\" alt=\"\" width=\"300\" height=\"224\" data-srcset=\"https:\/\/prva.hr\/wp-content\/uploads\/2023\/03\/pmf-foto4-300x224.jpg 300w, https:\/\/prva.hr\/wp-content\/uploads\/2023\/03\/pmf-foto4-768x572.jpg 768w, https:\/\/prva.hr\/wp-content\/uploads\/2023\/03\/pmf-foto4-1024x763.jpg 1024w, https:\/\/prva.hr\/wp-content\/uploads\/2023\/03\/pmf-foto4-400x298.jpg 400w\" data-sizes=\"(max-width: 300px) 100vw, 300px\" src=\"data:image\/svg+xml;base64,PHN2ZyB3aWR0aD0iMSIgaGVpZ2h0PSIxIiB4bWxucz0iaHR0cDovL3d3dy53My5vcmcvMjAwMC9zdmciPjwvc3ZnPg==\" style=\"--smush-placeholder-width: 300px; --smush-placeholder-aspect-ratio: 300\/224;\" \/>\u00a0 \u00a0 \u00a0\u00a0<img decoding=\"async\" class=\"alignnone size-medium wp-image-13942 lazyload\" data-src=\"https:\/\/www.prva.hr\/wp-content\/uploads\/2023\/03\/pmf-foto2-300x195.jpg\" alt=\"\" width=\"300\" height=\"195\" data-srcset=\"https:\/\/prva.hr\/wp-content\/uploads\/2023\/03\/pmf-foto2-300x195.jpg 300w, https:\/\/prva.hr\/wp-content\/uploads\/2023\/03\/pmf-foto2-768x498.jpg 768w, https:\/\/prva.hr\/wp-content\/uploads\/2023\/03\/pmf-foto2-1024x664.jpg 1024w, https:\/\/prva.hr\/wp-content\/uploads\/2023\/03\/pmf-foto2-400x260.jpg 400w\" data-sizes=\"(max-width: 300px) 100vw, 300px\" src=\"data:image\/svg+xml;base64,PHN2ZyB3aWR0aD0iMSIgaGVpZ2h0PSIxIiB4bWxucz0iaHR0cDovL3d3dy53My5vcmcvMjAwMC9zdmciPjwvc3ZnPg==\" style=\"--smush-placeholder-width: 300px; --smush-placeholder-aspect-ratio: 300\/195;\" \/>\u00a0 \u00a0 \u00a0<img decoding=\"async\" class=\"alignnone size-medium wp-image-13943 lazyload\" data-src=\"https:\/\/www.prva.hr\/wp-content\/uploads\/2023\/03\/pmf-foto3-275x300.jpg\" alt=\"\" width=\"275\" height=\"300\" data-srcset=\"https:\/\/prva.hr\/wp-content\/uploads\/2023\/03\/pmf-foto3-275x300.jpg 275w, https:\/\/prva.hr\/wp-content\/uploads\/2023\/03\/pmf-foto3-768x839.jpg 768w, https:\/\/prva.hr\/wp-content\/uploads\/2023\/03\/pmf-foto3-937x1024.jpg 937w\" data-sizes=\"(max-width: 275px) 100vw, 275px\" src=\"data:image\/svg+xml;base64,PHN2ZyB3aWR0aD0iMSIgaGVpZ2h0PSIxIiB4bWxucz0iaHR0cDovL3d3dy53My5vcmcvMjAwMC9zdmciPjwvc3ZnPg==\" style=\"--smush-placeholder-width: 275px; --smush-placeholder-aspect-ratio: 275\/300;\" \/>\u00a0 \u00a0<img decoding=\"async\" class=\"alignnone wp-image-13944 lazyload\" data-src=\"https:\/\/www.prva.hr\/wp-content\/uploads\/2023\/03\/pmf-foto5-277x300.jpg\" alt=\"\" width=\"200\" height=\"217\" data-srcset=\"https:\/\/prva.hr\/wp-content\/uploads\/2023\/03\/pmf-foto5-277x300.jpg 277w, https:\/\/prva.hr\/wp-content\/uploads\/2023\/03\/pmf-foto5-768x831.jpg 768w, https:\/\/prva.hr\/wp-content\/uploads\/2023\/03\/pmf-foto5-946x1024.jpg 946w\" data-sizes=\"(max-width: 200px) 100vw, 200px\" src=\"data:image\/svg+xml;base64,PHN2ZyB3aWR0aD0iMSIgaGVpZ2h0PSIxIiB4bWxucz0iaHR0cDovL3d3dy53My5vcmcvMjAwMC9zdmciPjwvc3ZnPg==\" style=\"--smush-placeholder-width: 200px; --smush-placeholder-aspect-ratio: 200\/217;\" \/><\/p>\n<p>Sl. Uz\u00a0 Info kutak i prezentaciju studijskih programa, uspje\u0161no odr\u017ean Dan PMF-a u Prvoj<\/p>\n<p>&nbsp;<\/p>\n<p>&nbsp;<\/p>\n<p><img decoding=\"async\" class=\"alignnone size-medium wp-image-13949 lazyload\" data-src=\"https:\/\/www.prva.hr\/wp-content\/uploads\/2023\/03\/pmf-foto6-300x232.jpg\" alt=\"\" width=\"300\" height=\"232\" data-srcset=\"https:\/\/prva.hr\/wp-content\/uploads\/2023\/03\/pmf-foto6-300x232.jpg 300w, https:\/\/prva.hr\/wp-content\/uploads\/2023\/03\/pmf-foto6-768x594.jpg 768w, https:\/\/prva.hr\/wp-content\/uploads\/2023\/03\/pmf-foto6-1024x792.jpg 1024w, https:\/\/prva.hr\/wp-content\/uploads\/2023\/03\/pmf-foto6-388x300.jpg 388w\" data-sizes=\"(max-width: 300px) 100vw, 300px\" src=\"data:image\/svg+xml;base64,PHN2ZyB3aWR0aD0iMSIgaGVpZ2h0PSIxIiB4bWxucz0iaHR0cDovL3d3dy53My5vcmcvMjAwMC9zdmciPjwvc3ZnPg==\" style=\"--smush-placeholder-width: 300px; --smush-placeholder-aspect-ratio: 300\/232;\" \/>\u00a0 \u00a0 \u00a0<img decoding=\"async\" class=\"alignnone size-medium wp-image-13950 lazyload\" data-src=\"https:\/\/www.prva.hr\/wp-content\/uploads\/2023\/03\/pmf-foto-8-300x271.jpg\" alt=\"\" width=\"300\" height=\"271\" data-srcset=\"https:\/\/prva.hr\/wp-content\/uploads\/2023\/03\/pmf-foto-8-300x271.jpg 300w, https:\/\/prva.hr\/wp-content\/uploads\/2023\/03\/pmf-foto-8-768x693.jpg 768w, https:\/\/prva.hr\/wp-content\/uploads\/2023\/03\/pmf-foto-8-1024x924.jpg 1024w, https:\/\/prva.hr\/wp-content\/uploads\/2023\/03\/pmf-foto-8-333x300.jpg 333w\" data-sizes=\"(max-width: 300px) 100vw, 300px\" src=\"data:image\/svg+xml;base64,PHN2ZyB3aWR0aD0iMSIgaGVpZ2h0PSIxIiB4bWxucz0iaHR0cDovL3d3dy53My5vcmcvMjAwMC9zdmciPjwvc3ZnPg==\" style=\"--smush-placeholder-width: 300px; --smush-placeholder-aspect-ratio: 300\/271;\" \/>\u00a0 \u00a0 \u00a0 \u00a0 \u00a0<img decoding=\"async\" class=\"alignnone size-medium wp-image-13951 lazyload\" data-src=\"https:\/\/www.prva.hr\/wp-content\/uploads\/2023\/03\/pmf-foto-7-300x266.jpg\" alt=\"\" width=\"300\" height=\"266\" data-srcset=\"https:\/\/prva.hr\/wp-content\/uploads\/2023\/03\/pmf-foto-7-300x266.jpg 300w, https:\/\/prva.hr\/wp-content\/uploads\/2023\/03\/pmf-foto-7-768x682.jpg 768w, https:\/\/prva.hr\/wp-content\/uploads\/2023\/03\/pmf-foto-7-1024x909.jpg 1024w, https:\/\/prva.hr\/wp-content\/uploads\/2023\/03\/pmf-foto-7-338x300.jpg 338w\" data-sizes=\"(max-width: 300px) 100vw, 300px\" src=\"data:image\/svg+xml;base64,PHN2ZyB3aWR0aD0iMSIgaGVpZ2h0PSIxIiB4bWxucz0iaHR0cDovL3d3dy53My5vcmcvMjAwMC9zdmciPjwvc3ZnPg==\" style=\"--smush-placeholder-width: 300px; --smush-placeholder-aspect-ratio: 300\/266;\" \/><\/p>\n<p>&nbsp;<\/p>\n","protected":false},"excerpt":{"rendered":"<p>U okviru \u0160kolskog programa profesionalnog informiranja i usmjeravanja, u ponedjeljak 20. o\u017eujka 2023. u I. gimnaziji odr\u017ean je &#8220;Dan PMF-a u Prvoj!&#8221;. Pod velikim odmorom na\u0161i maturanti\/ice i u\u010denici\/ice imali su priliku razgovarati sa studentima\/icama\u00a0 i profesorima u Info kutku PMF-a u predvorju \u0161kole i prikupiti korisne informacije o studijskim programima PMF-a od svojih interesa. [&hellip;]<\/p>\n","protected":false},"author":6,"featured_media":13940,"comment_status":"closed","ping_status":"closed","sticky":false,"template":"","format":"standard","meta":{"_et_pb_use_builder":"","_et_pb_old_content":"","_et_gb_content_width":"","footnotes":""},"categories":[5,6,51],"tags":[],"class_list":["post-13937","post","type-post","status-publish","format-standard","has-post-thumbnail","hentry","category-aktivnosti","category-aktualna-dogadanja","category-profesionalna-orijentacija"],"_links":{"self":[{"href":"https:\/\/prva.hr\/index.php\/wp-json\/wp\/v2\/posts\/13937","targetHints":{"allow":["GET"]}}],"collection":[{"href":"https:\/\/prva.hr\/index.php\/wp-json\/wp\/v2\/posts"}],"about":[{"href":"https:\/\/prva.hr\/index.php\/wp-json\/wp\/v2\/types\/post"}],"author":[{"embeddable":true,"href":"https:\/\/prva.hr\/index.php\/wp-json\/wp\/v2\/users\/6"}],"replies":[{"embeddable":true,"href":"https:\/\/prva.hr\/index.php\/wp-json\/wp\/v2\/comments?post=13937"}],"version-history":[{"count":5,"href":"https:\/\/prva.hr\/index.php\/wp-json\/wp\/v2\/posts\/13937\/revisions"}],"predecessor-version":[{"id":13952,"href":"https:\/\/prva.hr\/index.php\/wp-json\/wp\/v2\/posts\/13937\/revisions\/13952"}],"wp:featuredmedia":[{"embeddable":true,"href":"https:\/\/prva.hr\/index.php\/wp-json\/wp\/v2\/media\/13940"}],"wp:attachment":[{"href":"https:\/\/prva.hr\/index.php\/wp-json\/wp\/v2\/media?parent=13937"}],"wp:term":[{"taxonomy":"category","embeddable":true,"href":"https:\/\/prva.hr\/index.php\/wp-json\/wp\/v2\/categories?post=13937"},{"taxonomy":"post_tag","embeddable":true,"href":"https:\/\/prva.hr\/index.php\/wp-json\/wp\/v2\/tags?post=13937"}],"curies":[{"name":"wp","href":"https:\/\/api.w.org\/{rel}","templated":true}]}}