{"id":13964,"date":"2023-03-22T12:08:38","date_gmt":"2023-03-22T11:08:38","guid":{"rendered":"https:\/\/www.prva.hr\/?p=13964"},"modified":"2023-03-22T12:08:38","modified_gmt":"2023-03-22T11:08:38","slug":"umrezeni-izvan-mreze-i-dizel-novi-projekti-u-sk-god-2022-2023","status":"publish","type":"post","link":"https:\/\/prva.hr\/index.php\/2023\/03\/22\/umrezeni-izvan-mreze-i-dizel-novi-projekti-u-sk-god-2022-2023\/","title":{"rendered":"Umre\u017eeni izvan mre\u017ee i DiZel &#8211; novi projekti u \u0161k. god. 2022.\/2023."},"content":{"rendered":"<p>U \u0161kolskoj godini 2022.\/2023. u \u0161koli su pokrenuti novi projekti koji su prepoznati i od strane Ministarstva znanosti i obrazovanja koje je odlu\u010dilo financirati provo\u0111enje istih.<\/p>\n<p>U kategoriji preventivnih programa <em>Umre\u017eeni izvan mre\u017ee<\/em> je izabran te financiran od strane Ministarstva u iznosu od 18 000 kuna, dok je projekt <em>DiZel <\/em>u kategoriji izvannastavnih aktivnosti\u00a0 financiran s 10 000 kuna.<\/p>\n<p>Umre\u017eeni izvan mre\u017ee je preventivni projekt \u0161kole \u010diji je op\u0107i cilj usmjeren medijskom opismenjavanju u\u010denika, a to se planira posti\u0107i kroz podizanje razine znanja o potencijalnim \u0161tetnim u\u010dincima prekomjernog kori\u0161tenja interneta\u00a0(specifi\u010dno dru\u0161tvenih mre\u017ea) i mogu\u0107im virtualnim rizi\u010dnim pona\u0161anjima te na\u010dinima sigurnog funkcioniranja u virtualnom okru\u017eenju. U planiranim projektnim aktivnostima sudjelovat \u0107e u\u010denici, roditelji i nastavnici \u0161kole.<\/p>\n<p>Projekt DiZel usmjeren je na razvoj digitalnih i zelenih vje\u0161tina. Digitalne vje\u0161tine na koje je projekt usmjeren su 3D projektiranje i 3D print, dok zelene vje\u0161tine\u00a0koje bi se razvijale i poticale odnose se na podru\u010dje mode i dizajna (odr\u017eiva moda). Projekt \u0107e se provoditi kroz nekoliko etapa, a planirane su razli\u010dite aktivnosti za pojedine etape. Glavni rezultat projekta je pove\u0107anje razine znanja i razvoj digitalnih i zelenih vje\u0161tina.<\/p>\n","protected":false},"excerpt":{"rendered":"<p>U \u0161kolskoj godini 2022.\/2023. u \u0161koli su pokrenuti novi projekti koji su prepoznati i od strane Ministarstva znanosti i obrazovanja koje je odlu\u010dilo financirati provo\u0111enje istih. U kategoriji preventivnih programa Umre\u017eeni izvan mre\u017ee je izabran te financiran od strane Ministarstva u iznosu od 18 000 kuna, dok je projekt DiZel u kategoriji izvannastavnih aktivnosti\u00a0 financiran [&hellip;]<\/p>\n","protected":false},"author":7,"featured_media":13965,"comment_status":"closed","ping_status":"closed","sticky":false,"template":"","format":"standard","meta":{"_et_pb_use_builder":"","_et_pb_old_content":"","_et_gb_content_width":"","footnotes":""},"categories":[70,1],"tags":[],"class_list":["post-13964","post","type-post","status-publish","format-standard","has-post-thumbnail","hentry","category-aktivnosti-projekti-ostali-projekti","category-nekategorizirano"],"_links":{"self":[{"href":"https:\/\/prva.hr\/index.php\/wp-json\/wp\/v2\/posts\/13964","targetHints":{"allow":["GET"]}}],"collection":[{"href":"https:\/\/prva.hr\/index.php\/wp-json\/wp\/v2\/posts"}],"about":[{"href":"https:\/\/prva.hr\/index.php\/wp-json\/wp\/v2\/types\/post"}],"author":[{"embeddable":true,"href":"https:\/\/prva.hr\/index.php\/wp-json\/wp\/v2\/users\/7"}],"replies":[{"embeddable":true,"href":"https:\/\/prva.hr\/index.php\/wp-json\/wp\/v2\/comments?post=13964"}],"version-history":[{"count":2,"href":"https:\/\/prva.hr\/index.php\/wp-json\/wp\/v2\/posts\/13964\/revisions"}],"predecessor-version":[{"id":13967,"href":"https:\/\/prva.hr\/index.php\/wp-json\/wp\/v2\/posts\/13964\/revisions\/13967"}],"wp:featuredmedia":[{"embeddable":true,"href":"https:\/\/prva.hr\/index.php\/wp-json\/wp\/v2\/media\/13965"}],"wp:attachment":[{"href":"https:\/\/prva.hr\/index.php\/wp-json\/wp\/v2\/media?parent=13964"}],"wp:term":[{"taxonomy":"category","embeddable":true,"href":"https:\/\/prva.hr\/index.php\/wp-json\/wp\/v2\/categories?post=13964"},{"taxonomy":"post_tag","embeddable":true,"href":"https:\/\/prva.hr\/index.php\/wp-json\/wp\/v2\/tags?post=13964"}],"curies":[{"name":"wp","href":"https:\/\/api.w.org\/{rel}","templated":true}]}}