{"id":13995,"date":"2023-03-26T17:07:46","date_gmt":"2023-03-26T15:07:46","guid":{"rendered":"https:\/\/www.prva.hr\/?p=13995"},"modified":"2023-03-26T17:07:46","modified_gmt":"2023-03-26T15:07:46","slug":"bup-zavrsena-akcija","status":"publish","type":"post","link":"https:\/\/prva.hr\/index.php\/2023\/03\/26\/bup-zavrsena-akcija\/","title":{"rendered":"BuP &#8211; zavr\u0161ena akcija"},"content":{"rendered":"<p>Zavr\u0161en je na\u0161 prvi buvljak u Prvoj. Nakon tri dana skupljanja odje\u0107e, u petak su u\u010denici nakon nastave mogli odabrati odje\u0107u koja je bila izlo\u017eena na \u0161tandu. Nagovarali su jedni druge na odabir odje\u0107e i savjetovali s \u010dim se odabrani komad mo\u017ee &#8220;skombinirati&#8221;. Neki u\u010denici donijeli su dosta odje\u0107e te su imali kupone pomo\u0107u kojih su mogli uzeti isti broj komada. Doveli su svoje prijatelje i po\u010dastili ih \u201dnovom oblekom\u201d.\u00a0 Atmosferu je podigla glazba koja se \u010dula u pozadini.<\/p>\n<p>Da budemo iskreni, nismo o\u010dekivali ovakav odaziv u\u010denika. Prvi dan skupili smo nekoliko komada i bili dosta skepti\u010dni oko nastavke akcije. Drugi dan prikupljeno je ne\u0161to vi\u0161e komada, a tre\u0107i dan nam je ponestalo kutija za odje\u0107u.<\/p>\n<p>Aktivnost su osmislili i proveli u\u010denici polaznici izborne nastave iz Biologije i fakultativne nastave Ra\u010dunalni dizajn predvo\u0111eni profesorom Lukom Miholi\u0107em i profesoricom Gordanom Sekuli\u0107-\u0160tiv\u010devi\u0107. Aktivnost se odvijala\u00a0u sklopu projekta DiZel (razvoj digitalnih i zelenih vje\u0161tina) kojeg financira MZO.<\/p>\n<p style=\"text-align: left;\"><img decoding=\"async\" class=\"alignnone size-large wp-image-13996 lazyload\" data-src=\"https:\/\/www.prva.hr\/wp-content\/uploads\/2023\/03\/2-isprobavanje-odje\u0107e-1024x576.jpg\" alt=\"\" width=\"640\" height=\"360\" data-srcset=\"https:\/\/prva.hr\/wp-content\/uploads\/2023\/03\/2-isprobavanje-odje\u0107e-1024x576.jpg 1024w, https:\/\/prva.hr\/wp-content\/uploads\/2023\/03\/2-isprobavanje-odje\u0107e-300x169.jpg 300w, https:\/\/prva.hr\/wp-content\/uploads\/2023\/03\/2-isprobavanje-odje\u0107e-768x432.jpg 768w, https:\/\/prva.hr\/wp-content\/uploads\/2023\/03\/2-isprobavanje-odje\u0107e-400x225.jpg 400w\" data-sizes=\"(max-width: 640px) 100vw, 640px\" src=\"data:image\/svg+xml;base64,PHN2ZyB3aWR0aD0iMSIgaGVpZ2h0PSIxIiB4bWxucz0iaHR0cDovL3d3dy53My5vcmcvMjAwMC9zdmciPjwvc3ZnPg==\" style=\"--smush-placeholder-width: 640px; --smush-placeholder-aspect-ratio: 640\/360;\" \/>\u00a0Isprobavanje odje\u0107e<\/p>\n<p style=\"text-align: left;\">I<img decoding=\"async\" class=\"alignnone wp-image-13997 size-large lazyload\" data-src=\"https:\/\/www.prva.hr\/wp-content\/uploads\/2023\/03\/3-cekanje-u-redu-576x1024.jpg\" alt=\"\" width=\"576\" height=\"1024\" data-srcset=\"https:\/\/prva.hr\/wp-content\/uploads\/2023\/03\/3-cekanje-u-redu-576x1024.jpg 576w, https:\/\/prva.hr\/wp-content\/uploads\/2023\/03\/3-cekanje-u-redu-169x300.jpg 169w, https:\/\/prva.hr\/wp-content\/uploads\/2023\/03\/3-cekanje-u-redu-768x1365.jpg 768w\" data-sizes=\"(max-width: 576px) 100vw, 576px\" src=\"data:image\/svg+xml;base64,PHN2ZyB3aWR0aD0iMSIgaGVpZ2h0PSIxIiB4bWxucz0iaHR0cDovL3d3dy53My5vcmcvMjAwMC9zdmciPjwvc3ZnPg==\" style=\"--smush-placeholder-width: 576px; --smush-placeholder-aspect-ratio: 576\/1024;\" \/>\u00a0\u010cekanje u redu. <img decoding=\"async\" class=\"alignnone wp-image-13998 size-large lazyload\" data-src=\"https:\/\/www.prva.hr\/wp-content\/uploads\/2023\/03\/4-organizatori-1024x576.jpg\" alt=\"\" width=\"640\" height=\"360\" data-srcset=\"https:\/\/prva.hr\/wp-content\/uploads\/2023\/03\/4-organizatori-1024x576.jpg 1024w, https:\/\/prva.hr\/wp-content\/uploads\/2023\/03\/4-organizatori-300x169.jpg 300w, https:\/\/prva.hr\/wp-content\/uploads\/2023\/03\/4-organizatori-768x432.jpg 768w, https:\/\/prva.hr\/wp-content\/uploads\/2023\/03\/4-organizatori-400x225.jpg 400w\" data-sizes=\"(max-width: 640px) 100vw, 640px\" src=\"data:image\/svg+xml;base64,PHN2ZyB3aWR0aD0iMSIgaGVpZ2h0PSIxIiB4bWxucz0iaHR0cDovL3d3dy53My5vcmcvMjAwMC9zdmciPjwvc3ZnPg==\" style=\"--smush-placeholder-width: 640px; --smush-placeholder-aspect-ratio: 640\/360;\" \/>\u00a0 Organizatori <img decoding=\"async\" class=\"alignnone wp-image-13999 size-large lazyload\" data-src=\"https:\/\/www.prva.hr\/wp-content\/uploads\/2023\/03\/5-provjeravanje-sastava-576x1024.jpg\" alt=\"\" width=\"576\" height=\"1024\" data-srcset=\"https:\/\/prva.hr\/wp-content\/uploads\/2023\/03\/5-provjeravanje-sastava-576x1024.jpg 576w, https:\/\/prva.hr\/wp-content\/uploads\/2023\/03\/5-provjeravanje-sastava-169x300.jpg 169w, https:\/\/prva.hr\/wp-content\/uploads\/2023\/03\/5-provjeravanje-sastava-768x1365.jpg 768w\" data-sizes=\"(max-width: 576px) 100vw, 576px\" src=\"data:image\/svg+xml;base64,PHN2ZyB3aWR0aD0iMSIgaGVpZ2h0PSIxIiB4bWxucz0iaHR0cDovL3d3dy53My5vcmcvMjAwMC9zdmciPjwvc3ZnPg==\" style=\"--smush-placeholder-width: 576px; --smush-placeholder-aspect-ratio: 576\/1024;\" \/>\u00a0Provjeravanje sastava (&#8220;vidi jel&#8217; pamuk&#8221;)<\/p>\n<p><img decoding=\"async\" class=\"alignnone size-medium wp-image-14000 lazyload\" data-src=\"https:\/\/www.prva.hr\/wp-content\/uploads\/2023\/03\/6-kuponi-300x209.jpg\" alt=\"\" width=\"300\" height=\"209\" data-srcset=\"https:\/\/prva.hr\/wp-content\/uploads\/2023\/03\/6-kuponi-300x209.jpg 300w, https:\/\/prva.hr\/wp-content\/uploads\/2023\/03\/6-kuponi.jpg 392w\" data-sizes=\"(max-width: 300px) 100vw, 300px\" src=\"data:image\/svg+xml;base64,PHN2ZyB3aWR0aD0iMSIgaGVpZ2h0PSIxIiB4bWxucz0iaHR0cDovL3d3dy53My5vcmcvMjAwMC9zdmciPjwvc3ZnPg==\" style=\"--smush-placeholder-width: 300px; --smush-placeholder-aspect-ratio: 300\/209;\" \/>\u00a0Kuponi.<\/p>\n","protected":false},"excerpt":{"rendered":"<p>Zavr\u0161en je na\u0161 prvi buvljak u Prvoj. Nakon tri dana skupljanja odje\u0107e, u petak su u\u010denici nakon nastave mogli odabrati odje\u0107u koja je bila izlo\u017eena na \u0161tandu. Nagovarali su jedni druge na odabir odje\u0107e i savjetovali s \u010dim se odabrani komad mo\u017ee &#8220;skombinirati&#8221;. Neki u\u010denici donijeli su dosta odje\u0107e te su imali kupone pomo\u0107u kojih [&hellip;]<\/p>\n","protected":false},"author":5,"featured_media":14001,"comment_status":"closed","ping_status":"closed","sticky":false,"template":"","format":"standard","meta":{"_et_pb_use_builder":"","_et_pb_old_content":"","_et_gb_content_width":"","footnotes":""},"categories":[70,6,4],"tags":[119,117],"class_list":["post-13995","post","type-post","status-publish","format-standard","has-post-thumbnail","hentry","category-aktivnosti-projekti-ostali-projekti","category-aktualna-dogadanja","category-najnovije-vijesti","tag-dizel","tag-projekti"],"_links":{"self":[{"href":"https:\/\/prva.hr\/index.php\/wp-json\/wp\/v2\/posts\/13995","targetHints":{"allow":["GET"]}}],"collection":[{"href":"https:\/\/prva.hr\/index.php\/wp-json\/wp\/v2\/posts"}],"about":[{"href":"https:\/\/prva.hr\/index.php\/wp-json\/wp\/v2\/types\/post"}],"author":[{"embeddable":true,"href":"https:\/\/prva.hr\/index.php\/wp-json\/wp\/v2\/users\/5"}],"replies":[{"embeddable":true,"href":"https:\/\/prva.hr\/index.php\/wp-json\/wp\/v2\/comments?post=13995"}],"version-history":[{"count":2,"href":"https:\/\/prva.hr\/index.php\/wp-json\/wp\/v2\/posts\/13995\/revisions"}],"predecessor-version":[{"id":14003,"href":"https:\/\/prva.hr\/index.php\/wp-json\/wp\/v2\/posts\/13995\/revisions\/14003"}],"wp:featuredmedia":[{"embeddable":true,"href":"https:\/\/prva.hr\/index.php\/wp-json\/wp\/v2\/media\/14001"}],"wp:attachment":[{"href":"https:\/\/prva.hr\/index.php\/wp-json\/wp\/v2\/media?parent=13995"}],"wp:term":[{"taxonomy":"category","embeddable":true,"href":"https:\/\/prva.hr\/index.php\/wp-json\/wp\/v2\/categories?post=13995"},{"taxonomy":"post_tag","embeddable":true,"href":"https:\/\/prva.hr\/index.php\/wp-json\/wp\/v2\/tags?post=13995"}],"curies":[{"name":"wp","href":"https:\/\/api.w.org\/{rel}","templated":true}]}}