{"id":14126,"date":"2023-04-22T17:22:16","date_gmt":"2023-04-22T15:22:16","guid":{"rendered":"https:\/\/www.prva.hr\/?p=14126"},"modified":"2023-04-22T17:25:57","modified_gmt":"2023-04-22T15:25:57","slug":"virtualna-izlozba-portret-umjetnice-lara-horvat","status":"publish","type":"post","link":"https:\/\/prva.hr\/index.php\/2023\/04\/22\/virtualna-izlozba-portret-umjetnice-lara-horvat\/","title":{"rendered":"Virtualna izlo\u017eba: Portret umjetnice \u2013 Lara Horvat"},"content":{"rendered":"<p>Likovna umjetnost postala je sastavni dio mog \u017eivota otkad sam razvila svijest o vlastitim perceptivnim sposobnostima, dakle \u010dak i prije nego \u0161to sam nau\u010dila hodati. Malo kasnije na vremenskoj crti, kada sam s otprilike sedam godina djelomi\u010dno uspje\u0161no rekreirala Dalijevu <em>Postojanost pam\u0107enja<\/em>, shvatila sam da je likovna umjetnost, posebice crte\u017e i slikarstvo, ne\u0161to \u010demu \u0107u u budu\u0107nosti posvetiti mnogo vremena. Slikarstvom sam se intenzivno po\u010dela baviti u petom razredu osnovne \u0161kole kada sam stupila u kontakt s razli\u010ditim pravcima i stilovima, s internetom i knjigama kao primarnim izvorima informacija o raznovrsnim tehnikama i medijima. Temeljni motivi s kojima sam zapo\u010dela i koji su mi i danas primarni odabir su pejza\u017ei, iako se volim oku\u0161ati u portretima. S vremenom me osobito zaintrigiralo otkri\u0107e impresionizma \u010dija me karakteristi\u010dna nesavr\u0161enost poteza odvukla od crta\u010dkog realizma kojeg sam se u po\u010detku strogo dr\u017eala, a eksperimenti s apstrakcijom dali su mi dodatnu slobodu pri oblikovanju slikarskog rukopisa. S vi\u0161e iskustva, uo\u010dila sam va\u017enost u sposobnosti utonu\u0107a u proces, \u0161to upu\u0107uje na \u010dinjenicu da sam produkt rada ne bi trebao biti isklju\u010divi izvor motivacije pri umjetni\u010dkom izra\u017eavanju. Nau\u010dila sam koliko je va\u017eno grije\u0161iti i biti neprecizan, ne uslijed manjka truda, ve\u0107 uslijed \u010diste potrebe za osje\u0107ajem zadovoljstva tijekom stvarala\u010dkog procesa. Takav na\u010din razmi\u0161ljanja pomogao mi je da se opustim i da napredujem razmi\u0161ljaju\u0107i van okvira, \u0161to mi je naposljetku omogu\u0107ilo istinsku slobodu izra\u017eavanja i dovelo me do stupnja na kojemu se danas nalazim, stupnja konstantnog usavr\u0161avanja u svim medijima i svim smjerovima.<\/p>\n<p>[metaslider id=&#8221;15&#8243;]<\/p>\n<p>&nbsp;<\/p>\n<p>&nbsp;<\/p>\n<h3><strong>Ciklus<\/strong> &#8211; <em>Nebuloze<\/em><\/h3>\n<p>Inspirirana svojim vi\u0161egodi\u0161njim sudjelovanjem na edukacijskim programima i ljetnim kampovima u Znanstveno edukacijskom centru Vi\u0161njan, razvila sam ljubav prema astronomiji, a naknadno i astrofotografiji koju sam odlu\u010dila spojiti sa svojom stra\u0161\u0107u, slikarstvom. Izlo\u017eba \u201eNebuloze\u201c serija je u isto vrijeme realisti\u010dnih i apstraktnih prikaza maglica (nebula), me\u0111uzvjezdanih oblaka plinova i pra\u0161ine promjera od vi\u0161e stotina do nekoliko tisu\u0107a svjetlosnih godina, sazdanih ve\u0107inom od vodika i helija, ali i ugljika, du\u0161ika, magnezija, kalija, kalcija, \u017eeljeza; elemenata koji grade zvijezde, zvjezdane sustave, planete, pa naposljetku i \u017eiva bi\u0107a, uklju\u010duju\u0107i i nas same. To su mjesta na kojima najmanja prostorna interferencija izaziva kovitlanje vrtloga guste materije koja se sabija do to\u010dke nastanka zvijezda, iz kojih nadalje proizlazi bezbroj kompleksnih svjetova. Djela iz ove zbirke nastala su po uzoru na astrofotografije poznatih svjetskih teleskopa poput Hubblea, teleskopa iz Zvjezdarnice Vi\u0161njan, ali i brojnih amaterskih astrofotografa, stoga bi se moglo re\u0107i da je zbirka tih, naizgled izuzetno apstraktnih, oblika i boja zapravo do neke mjere realisti\u010dan prikaz kozmi\u010dkog pejza\u017ea. Prate\u0107i prirodnu konfiguraciju tih objekata, svaka pojedina slika bilje\u017ei ritam pokreta, fluidnost poteza, neograni\u010denost izra\u017eavanja te odre\u0111enu vrstu slobode zarobljene u okovima realizma, predstavljaju\u0107i pritom spoj nespojivog, ovozemaljskog i onozemaljskog, kozmi\u010dkog vanjskog i izrazito unutarnjeg i psiholo\u0161kog. S obzirom na \u010dinjenicu da ne mo\u017eemo vizualno mapirati ljudske emocije, ovi vrtlozi zvjezdane pra\u0161ine predstavljaju najbli\u017ei prikaz \u010dovjekova unutarnjeg monologa, osje\u0107aja poput bijesa i melankolije, uzbu\u0111enja i euforije. Ova \u0107e izlo\u017eba mo\u017eda pomo\u0107i promatra\u010du da prona\u0111e portret svoje unutra\u0161njosti iz dalekih kutaka svemira, upravo u malom kutku skromnog opusa jedne gimnazijalke.<\/p>\n<p>[metaslider id=&#8221;14150&#8243;]<\/p>\n<p>&nbsp;<\/p>\n<p><strong>Lara Horvat, 4.b<\/strong><\/p>\n","protected":false},"excerpt":{"rendered":"<p>Likovna umjetnost postala je sastavni dio mog \u017eivota otkad sam razvila svijest o vlastitim perceptivnim sposobnostima, dakle \u010dak i prije nego \u0161to sam nau\u010dila hodati. Malo kasnije na vremenskoj crti, kada sam s otprilike sedam godina djelomi\u010dno uspje\u0161no rekreirala Dalijevu Postojanost pam\u0107enja, shvatila sam da je likovna umjetnost, posebice crte\u017e i slikarstvo, ne\u0161to \u010demu \u0107u [&hellip;]<\/p>\n","protected":false},"author":10,"featured_media":0,"comment_status":"closed","ping_status":"closed","sticky":false,"template":"","format":"standard","meta":{"_et_pb_use_builder":"","_et_pb_old_content":"","_et_gb_content_width":"","footnotes":""},"categories":[85,1],"tags":[],"class_list":["post-14126","post","type-post","status-publish","format-standard","hentry","category-blog","category-nekategorizirano"],"_links":{"self":[{"href":"https:\/\/prva.hr\/index.php\/wp-json\/wp\/v2\/posts\/14126","targetHints":{"allow":["GET"]}}],"collection":[{"href":"https:\/\/prva.hr\/index.php\/wp-json\/wp\/v2\/posts"}],"about":[{"href":"https:\/\/prva.hr\/index.php\/wp-json\/wp\/v2\/types\/post"}],"author":[{"embeddable":true,"href":"https:\/\/prva.hr\/index.php\/wp-json\/wp\/v2\/users\/10"}],"replies":[{"embeddable":true,"href":"https:\/\/prva.hr\/index.php\/wp-json\/wp\/v2\/comments?post=14126"}],"version-history":[{"count":12,"href":"https:\/\/prva.hr\/index.php\/wp-json\/wp\/v2\/posts\/14126\/revisions"}],"predecessor-version":[{"id":14162,"href":"https:\/\/prva.hr\/index.php\/wp-json\/wp\/v2\/posts\/14126\/revisions\/14162"}],"wp:attachment":[{"href":"https:\/\/prva.hr\/index.php\/wp-json\/wp\/v2\/media?parent=14126"}],"wp:term":[{"taxonomy":"category","embeddable":true,"href":"https:\/\/prva.hr\/index.php\/wp-json\/wp\/v2\/categories?post=14126"},{"taxonomy":"post_tag","embeddable":true,"href":"https:\/\/prva.hr\/index.php\/wp-json\/wp\/v2\/tags?post=14126"}],"curies":[{"name":"wp","href":"https:\/\/api.w.org\/{rel}","templated":true}]}}