{"id":14173,"date":"2023-04-24T08:57:39","date_gmt":"2023-04-24T06:57:39","guid":{"rendered":"https:\/\/www.prva.hr\/?p=14173"},"modified":"2023-04-24T09:09:45","modified_gmt":"2023-04-24T07:09:45","slug":"dizel-i-dan-planeta-zemlje","status":"publish","type":"post","link":"https:\/\/prva.hr\/index.php\/2023\/04\/24\/dizel-i-dan-planeta-zemlje\/","title":{"rendered":"DiZel i Dan planeta Zemlje"},"content":{"rendered":"<p>U\u010denici koji sudjeluju u projektu DiZel (razvoj digitalnih i zelenih vje\u0161tina) istra\u017eili su utjecaj brze mode na na\u0161 planet i izradili zanimljive plakate.<\/p>\n<p><img decoding=\"async\" class=\"alignnone size-large wp-image-14175 lazyload\" data-src=\"https:\/\/www.prva.hr\/wp-content\/uploads\/2023\/04\/brza-moda-Krajnovi\u0107-410x1024.png\" alt=\"\" width=\"410\" height=\"1024\" data-srcset=\"https:\/\/prva.hr\/wp-content\/uploads\/2023\/04\/brza-moda-Krajnovi\u0107-410x1024.png 410w, https:\/\/prva.hr\/wp-content\/uploads\/2023\/04\/brza-moda-Krajnovi\u0107-120x300.png 120w, https:\/\/prva.hr\/wp-content\/uploads\/2023\/04\/brza-moda-Krajnovi\u0107-768x1920.png 768w, https:\/\/prva.hr\/wp-content\/uploads\/2023\/04\/brza-moda-Krajnovi\u0107.png 800w\" data-sizes=\"(max-width: 410px) 100vw, 410px\" src=\"data:image\/svg+xml;base64,PHN2ZyB3aWR0aD0iMSIgaGVpZ2h0PSIxIiB4bWxucz0iaHR0cDovL3d3dy53My5vcmcvMjAwMC9zdmciPjwvc3ZnPg==\" style=\"--smush-placeholder-width: 410px; --smush-placeholder-aspect-ratio: 410\/1024;\" \/> <img decoding=\"async\" class=\"alignnone size-large wp-image-14176 lazyload\" data-src=\"https:\/\/www.prva.hr\/wp-content\/uploads\/2023\/04\/brza-moda-Lasi\u0107-724x1024.png\" alt=\"\" width=\"640\" height=\"905\" data-srcset=\"https:\/\/prva.hr\/wp-content\/uploads\/2023\/04\/brza-moda-Lasi\u0107-724x1024.png 724w, https:\/\/prva.hr\/wp-content\/uploads\/2023\/04\/brza-moda-Lasi\u0107-212x300.png 212w, https:\/\/prva.hr\/wp-content\/uploads\/2023\/04\/brza-moda-Lasi\u0107-768x1086.png 768w, https:\/\/prva.hr\/wp-content\/uploads\/2023\/04\/brza-moda-Lasi\u0107.png 1414w\" data-sizes=\"(max-width: 640px) 100vw, 640px\" src=\"data:image\/svg+xml;base64,PHN2ZyB3aWR0aD0iMSIgaGVpZ2h0PSIxIiB4bWxucz0iaHR0cDovL3d3dy53My5vcmcvMjAwMC9zdmciPjwvc3ZnPg==\" style=\"--smush-placeholder-width: 640px; --smush-placeholder-aspect-ratio: 640\/905;\" \/> <img decoding=\"async\" class=\"alignnone size-large wp-image-14177 lazyload\" data-src=\"https:\/\/www.prva.hr\/wp-content\/uploads\/2023\/04\/brza-moda-Ladovi\u0107-410x1024.jpg\" alt=\"\" width=\"410\" height=\"1024\" data-srcset=\"https:\/\/prva.hr\/wp-content\/uploads\/2023\/04\/brza-moda-Ladovi\u0107-410x1024.jpg 410w, https:\/\/prva.hr\/wp-content\/uploads\/2023\/04\/brza-moda-Ladovi\u0107-120x300.jpg 120w, https:\/\/prva.hr\/wp-content\/uploads\/2023\/04\/brza-moda-Ladovi\u0107-768x1920.jpg 768w, https:\/\/prva.hr\/wp-content\/uploads\/2023\/04\/brza-moda-Ladovi\u0107.jpg 800w\" data-sizes=\"(max-width: 410px) 100vw, 410px\" src=\"data:image\/svg+xml;base64,PHN2ZyB3aWR0aD0iMSIgaGVpZ2h0PSIxIiB4bWxucz0iaHR0cDovL3d3dy53My5vcmcvMjAwMC9zdmciPjwvc3ZnPg==\" style=\"--smush-placeholder-width: 410px; --smush-placeholder-aspect-ratio: 410\/1024;\" \/> <img decoding=\"async\" class=\"alignnone size-large wp-image-14178 lazyload\" data-src=\"https:\/\/www.prva.hr\/wp-content\/uploads\/2023\/04\/brza-moda-potro\u0161nja-Mihel\u010di\u0107-410x1024.png\" alt=\"\" width=\"410\" height=\"1024\" data-srcset=\"https:\/\/prva.hr\/wp-content\/uploads\/2023\/04\/brza-moda-potro\u0161nja-Mihel\u010di\u0107-410x1024.png 410w, https:\/\/prva.hr\/wp-content\/uploads\/2023\/04\/brza-moda-potro\u0161nja-Mihel\u010di\u0107-120x300.png 120w, https:\/\/prva.hr\/wp-content\/uploads\/2023\/04\/brza-moda-potro\u0161nja-Mihel\u010di\u0107-768x1920.png 768w, https:\/\/prva.hr\/wp-content\/uploads\/2023\/04\/brza-moda-potro\u0161nja-Mihel\u010di\u0107.png 800w\" data-sizes=\"(max-width: 410px) 100vw, 410px\" src=\"data:image\/svg+xml;base64,PHN2ZyB3aWR0aD0iMSIgaGVpZ2h0PSIxIiB4bWxucz0iaHR0cDovL3d3dy53My5vcmcvMjAwMC9zdmciPjwvc3ZnPg==\" style=\"--smush-placeholder-width: 410px; --smush-placeholder-aspect-ratio: 410\/1024;\" \/> <img decoding=\"async\" class=\"alignnone size-large wp-image-14179 lazyload\" data-src=\"https:\/\/www.prva.hr\/wp-content\/uploads\/2023\/04\/brza-moda-sabljak-724x1024.png\" alt=\"\" width=\"640\" height=\"905\" data-srcset=\"https:\/\/prva.hr\/wp-content\/uploads\/2023\/04\/brza-moda-sabljak-724x1024.png 724w, https:\/\/prva.hr\/wp-content\/uploads\/2023\/04\/brza-moda-sabljak-212x300.png 212w, https:\/\/prva.hr\/wp-content\/uploads\/2023\/04\/brza-moda-sabljak-768x1086.png 768w, https:\/\/prva.hr\/wp-content\/uploads\/2023\/04\/brza-moda-sabljak.png 1414w\" data-sizes=\"(max-width: 640px) 100vw, 640px\" src=\"data:image\/svg+xml;base64,PHN2ZyB3aWR0aD0iMSIgaGVpZ2h0PSIxIiB4bWxucz0iaHR0cDovL3d3dy53My5vcmcvMjAwMC9zdmciPjwvc3ZnPg==\" style=\"--smush-placeholder-width: 640px; --smush-placeholder-aspect-ratio: 640\/905;\" \/> <img decoding=\"async\" class=\"alignnone size-large wp-image-14180 lazyload\" data-src=\"https:\/\/www.prva.hr\/wp-content\/uploads\/2023\/04\/BRZA-MODA-Giunta-1024x576.png\" alt=\"\" width=\"640\" height=\"360\" data-srcset=\"https:\/\/prva.hr\/wp-content\/uploads\/2023\/04\/BRZA-MODA-Giunta-1024x576.png 1024w, https:\/\/prva.hr\/wp-content\/uploads\/2023\/04\/BRZA-MODA-Giunta-300x169.png 300w, https:\/\/prva.hr\/wp-content\/uploads\/2023\/04\/BRZA-MODA-Giunta-768x432.png 768w, https:\/\/prva.hr\/wp-content\/uploads\/2023\/04\/BRZA-MODA-Giunta-400x225.png 400w, https:\/\/prva.hr\/wp-content\/uploads\/2023\/04\/BRZA-MODA-Giunta.png 1920w\" data-sizes=\"(max-width: 640px) 100vw, 640px\" src=\"data:image\/svg+xml;base64,PHN2ZyB3aWR0aD0iMSIgaGVpZ2h0PSIxIiB4bWxucz0iaHR0cDovL3d3dy53My5vcmcvMjAwMC9zdmciPjwvc3ZnPg==\" style=\"--smush-placeholder-width: 640px; --smush-placeholder-aspect-ratio: 640\/360;\" \/> <img decoding=\"async\" class=\"alignnone size-large wp-image-14181 lazyload\" data-src=\"https:\/\/www.prva.hr\/wp-content\/uploads\/2023\/04\/brza-moda-Mehmeti-724x1024.jpg\" alt=\"\" width=\"640\" height=\"905\" data-srcset=\"https:\/\/prva.hr\/wp-content\/uploads\/2023\/04\/brza-moda-Mehmeti-724x1024.jpg 724w, https:\/\/prva.hr\/wp-content\/uploads\/2023\/04\/brza-moda-Mehmeti-212x300.jpg 212w, https:\/\/prva.hr\/wp-content\/uploads\/2023\/04\/brza-moda-Mehmeti-768x1086.jpg 768w, https:\/\/prva.hr\/wp-content\/uploads\/2023\/04\/brza-moda-Mehmeti.jpg 1587w\" data-sizes=\"(max-width: 640px) 100vw, 640px\" src=\"data:image\/svg+xml;base64,PHN2ZyB3aWR0aD0iMSIgaGVpZ2h0PSIxIiB4bWxucz0iaHR0cDovL3d3dy53My5vcmcvMjAwMC9zdmciPjwvc3ZnPg==\" style=\"--smush-placeholder-width: 640px; --smush-placeholder-aspect-ratio: 640\/905;\" \/> <img decoding=\"async\" class=\"alignnone size-large wp-image-14182 lazyload\" data-src=\"https:\/\/www.prva.hr\/wp-content\/uploads\/2023\/04\/Bu\u010dkal.png\" alt=\"\" width=\"525\" height=\"741\" data-srcset=\"https:\/\/prva.hr\/wp-content\/uploads\/2023\/04\/Bu\u010dkal.png 525w, https:\/\/prva.hr\/wp-content\/uploads\/2023\/04\/Bu\u010dkal-213x300.png 213w\" data-sizes=\"(max-width: 525px) 100vw, 525px\" src=\"data:image\/svg+xml;base64,PHN2ZyB3aWR0aD0iMSIgaGVpZ2h0PSIxIiB4bWxucz0iaHR0cDovL3d3dy53My5vcmcvMjAwMC9zdmciPjwvc3ZnPg==\" style=\"--smush-placeholder-width: 525px; --smush-placeholder-aspect-ratio: 525\/741;\" \/> <img decoding=\"async\" class=\"alignnone size-large wp-image-14183 lazyload\" data-src=\"https:\/\/www.prva.hr\/wp-content\/uploads\/2023\/04\/Ercegovac.jpg\" alt=\"\" width=\"301\" height=\"737\" data-srcset=\"https:\/\/prva.hr\/wp-content\/uploads\/2023\/04\/Ercegovac.jpg 301w, https:\/\/prva.hr\/wp-content\/uploads\/2023\/04\/Ercegovac-123x300.jpg 123w\" data-sizes=\"(max-width: 301px) 100vw, 301px\" src=\"data:image\/svg+xml;base64,PHN2ZyB3aWR0aD0iMSIgaGVpZ2h0PSIxIiB4bWxucz0iaHR0cDovL3d3dy53My5vcmcvMjAwMC9zdmciPjwvc3ZnPg==\" style=\"--smush-placeholder-width: 301px; --smush-placeholder-aspect-ratio: 301\/737;\" \/><\/p>\n","protected":false},"excerpt":{"rendered":"<p>U\u010denici koji sudjeluju u projektu DiZel (razvoj digitalnih i zelenih vje\u0161tina) istra\u017eili su utjecaj brze mode na na\u0161 planet i izradili zanimljive plakate.<\/p>\n","protected":false},"author":5,"featured_media":14174,"comment_status":"closed","ping_status":"closed","sticky":false,"template":"","format":"standard","meta":{"_et_pb_use_builder":"","_et_pb_old_content":"","_et_gb_content_width":"","footnotes":""},"categories":[70,6],"tags":[119],"class_list":["post-14173","post","type-post","status-publish","format-standard","has-post-thumbnail","hentry","category-aktivnosti-projekti-ostali-projekti","category-aktualna-dogadanja","tag-dizel"],"_links":{"self":[{"href":"https:\/\/prva.hr\/index.php\/wp-json\/wp\/v2\/posts\/14173","targetHints":{"allow":["GET"]}}],"collection":[{"href":"https:\/\/prva.hr\/index.php\/wp-json\/wp\/v2\/posts"}],"about":[{"href":"https:\/\/prva.hr\/index.php\/wp-json\/wp\/v2\/types\/post"}],"author":[{"embeddable":true,"href":"https:\/\/prva.hr\/index.php\/wp-json\/wp\/v2\/users\/5"}],"replies":[{"embeddable":true,"href":"https:\/\/prva.hr\/index.php\/wp-json\/wp\/v2\/comments?post=14173"}],"version-history":[{"count":1,"href":"https:\/\/prva.hr\/index.php\/wp-json\/wp\/v2\/posts\/14173\/revisions"}],"predecessor-version":[{"id":14184,"href":"https:\/\/prva.hr\/index.php\/wp-json\/wp\/v2\/posts\/14173\/revisions\/14184"}],"wp:featuredmedia":[{"embeddable":true,"href":"https:\/\/prva.hr\/index.php\/wp-json\/wp\/v2\/media\/14174"}],"wp:attachment":[{"href":"https:\/\/prva.hr\/index.php\/wp-json\/wp\/v2\/media?parent=14173"}],"wp:term":[{"taxonomy":"category","embeddable":true,"href":"https:\/\/prva.hr\/index.php\/wp-json\/wp\/v2\/categories?post=14173"},{"taxonomy":"post_tag","embeddable":true,"href":"https:\/\/prva.hr\/index.php\/wp-json\/wp\/v2\/tags?post=14173"}],"curies":[{"name":"wp","href":"https:\/\/api.w.org\/{rel}","templated":true}]}}