{"id":14185,"date":"2023-04-24T09:04:45","date_gmt":"2023-04-24T07:04:45","guid":{"rendered":"https:\/\/www.prva.hr\/?p=14185"},"modified":"2023-04-24T09:08:58","modified_gmt":"2023-04-24T07:08:58","slug":"all-digital-weeks-dizel","status":"publish","type":"post","link":"https:\/\/prva.hr\/index.php\/2023\/04\/24\/all-digital-weeks-dizel\/","title":{"rendered":"All Digital Weeks (DiZel)"},"content":{"rendered":"<p>Aktivnosti koje se provode u sklopu projekta DiZel (razvoj digitalnih i zelenih vje\u0161tina) bit \u0107e uklju\u010dene u kampanju All Digital Weeks koja se provodi od 17.travnja do 7. svibnja. All Digital Weeks jedna je od najve\u0107ih paneuropskih kampanja koja podi\u017ee svijest o digitalnim vje\u0161tinama za uklju\u010divanje, osna\u017eivanje i zapo\u0161ljavanje. Kampanja je od 2010. godine pomogla da se gotovo 1,5 milijuna ljudi po prvi put pove\u017eu s internetom ili unaprijede svoje digitalne vje\u0161tine.<\/p>\n<p>#ADWeeks2023, #AllDigitalWeeks, @AllDigitalEU,\u00a0\u00a0<a href=\"http:\/\/www.alldigitalweeks.eu\"><u>www.alldigitalweeks.eu<\/u><\/a><\/p>\n","protected":false},"excerpt":{"rendered":"<p>Aktivnosti koje se provode u sklopu projekta DiZel (razvoj digitalnih i zelenih vje\u0161tina) bit \u0107e uklju\u010dene u kampanju All Digital Weeks koja se provodi od 17.travnja do 7. svibnja. All Digital Weeks jedna je od najve\u0107ih paneuropskih kampanja koja podi\u017ee svijest o digitalnim vje\u0161tinama za uklju\u010divanje, osna\u017eivanje i zapo\u0161ljavanje. Kampanja je od 2010. godine pomogla [&hellip;]<\/p>\n","protected":false},"author":5,"featured_media":14187,"comment_status":"closed","ping_status":"closed","sticky":false,"template":"","format":"standard","meta":{"_et_pb_use_builder":"","_et_pb_old_content":"","_et_gb_content_width":"","footnotes":""},"categories":[70,6],"tags":[119,117],"class_list":["post-14185","post","type-post","status-publish","format-standard","has-post-thumbnail","hentry","category-aktivnosti-projekti-ostali-projekti","category-aktualna-dogadanja","tag-dizel","tag-projekti"],"_links":{"self":[{"href":"https:\/\/prva.hr\/index.php\/wp-json\/wp\/v2\/posts\/14185","targetHints":{"allow":["GET"]}}],"collection":[{"href":"https:\/\/prva.hr\/index.php\/wp-json\/wp\/v2\/posts"}],"about":[{"href":"https:\/\/prva.hr\/index.php\/wp-json\/wp\/v2\/types\/post"}],"author":[{"embeddable":true,"href":"https:\/\/prva.hr\/index.php\/wp-json\/wp\/v2\/users\/5"}],"replies":[{"embeddable":true,"href":"https:\/\/prva.hr\/index.php\/wp-json\/wp\/v2\/comments?post=14185"}],"version-history":[{"count":2,"href":"https:\/\/prva.hr\/index.php\/wp-json\/wp\/v2\/posts\/14185\/revisions"}],"predecessor-version":[{"id":14189,"href":"https:\/\/prva.hr\/index.php\/wp-json\/wp\/v2\/posts\/14185\/revisions\/14189"}],"wp:featuredmedia":[{"embeddable":true,"href":"https:\/\/prva.hr\/index.php\/wp-json\/wp\/v2\/media\/14187"}],"wp:attachment":[{"href":"https:\/\/prva.hr\/index.php\/wp-json\/wp\/v2\/media?parent=14185"}],"wp:term":[{"taxonomy":"category","embeddable":true,"href":"https:\/\/prva.hr\/index.php\/wp-json\/wp\/v2\/categories?post=14185"},{"taxonomy":"post_tag","embeddable":true,"href":"https:\/\/prva.hr\/index.php\/wp-json\/wp\/v2\/tags?post=14185"}],"curies":[{"name":"wp","href":"https:\/\/api.w.org\/{rel}","templated":true}]}}