{"id":14197,"date":"2023-04-24T21:01:27","date_gmt":"2023-04-24T19:01:27","guid":{"rendered":"https:\/\/www.prva.hr\/?p=14197"},"modified":"2023-04-24T21:01:49","modified_gmt":"2023-04-24T19:01:49","slug":"razdoblje-izmedu-solarne-i-lunarne-eklipse","status":"publish","type":"post","link":"https:\/\/prva.hr\/index.php\/2023\/04\/24\/razdoblje-izmedu-solarne-i-lunarne-eklipse\/","title":{"rendered":"Razdoblje izme\u0111u solarne i lunarne eklipse"},"content":{"rendered":"<p>Sezone pomra\u010denja, tj. eklipse, doga\u0111aju se dvaput godi\u0161nje te obuhva\u0107aju \u010detiri lunarna doga\u0111aja. Super energetski osna\u017eeni mladi i puni Mjesec ima tendenciju stimulacije zapanjuju\u0107ih promjena koje pojedinca poti\u010du na osobni rast. Prva sezona pomra\u010denja zapo\u010dinje 20. travnja pomra\u010denjem Sunca i mladim Mjesecom u Ovnu (kardinalnom vatrenom znaku), a zavr\u0161ava lunarnom pomr\u010dinom 5. svibnja u znaku \u0160korpiona (fiksni vodeni znak).<\/p>\n<p>Razdoblje izme\u0111u tih dvaju pomra\u010denja nije dobro vrijeme za zapo\u010dinjanje ne\u010dega, a nipo\u0161to se ne preporu\u010duje manifestiranje. Trebamo ostati po strani i vidjeti \u0161to \u0107e nam \u017eivot donijeti. Eklipse donose postepene promjene i transformacije u podru\u010dja na\u0161ih \u017eivota. Mogu se o\u010dekivati pote\u0161ko\u0107e sa spavanjem kao i osje\u0107aj da vrijeme prolazi ili prebrzo ili presporo. Ovakav astrolo\u0161ki doga\u0111aj zadnji smo put imali od razdoblja prosinca 2004. do lipnja 2006. te \u0107e se promjene i okolnosti klju\u010dne za to razdoblje va\u0161eg \u017eivota odraziti i na ova pomra\u010denja.<\/p>\n<p><img decoding=\"async\" class=\"wp-image-14198 alignleft lazyload\" data-src=\"https:\/\/www.prva.hr\/wp-content\/uploads\/2023\/04\/DALAL-SLIKA-219x300.jpg\" alt=\"\" width=\"274\" height=\"375\" data-srcset=\"https:\/\/prva.hr\/wp-content\/uploads\/2023\/04\/DALAL-SLIKA-219x300.jpg 219w, https:\/\/prva.hr\/wp-content\/uploads\/2023\/04\/DALAL-SLIKA.jpg 500w\" data-sizes=\"(max-width: 274px) 100vw, 274px\" src=\"data:image\/svg+xml;base64,PHN2ZyB3aWR0aD0iMSIgaGVpZ2h0PSIxIiB4bWxucz0iaHR0cDovL3d3dy53My5vcmcvMjAwMC9zdmciPjwvc3ZnPg==\" style=\"--smush-placeholder-width: 274px; --smush-placeholder-aspect-ratio: 274\/375;\" \/><\/p>\n<p>Eklipsa Sunca povezana je sa samoistra\u017eivanjem i samoaktualizacijom. Naravno, ne\u0107e svako pomra\u010denje Sunca rezultirati drasti\u010dnim \u017eivotnim promjenama. Sve ovisi o tome kako je doga\u0111aj u interakciji s va\u0161om natalnom kartom. Specifi\u010dno za ovu solarnu eklipsu, pogledajte aspekte s planetarnim i glavnim polo\u017eajima da biste vidjeli kako na njih mo\u017ee utjecati pomra\u010denje Sunca. Ljudi koji imaju polo\u017eaje u kardinalnim znakovima (Vaga, Ovan, Jarac, Rak) ili ako bilo koji od va\u0161ih polo\u017eaja na natalnoj pripada 29. stupnju, ovo pomra\u010denje imat \u0107e jaki odraz na odre\u0111eno podru\u010dje \u017eivota.<\/p>\n<p>Lunarna eklipsa, za razliku od solarne, dosta je izazovnija. Budu\u0107i da Mjesec predstavlja na\u0161e emocije i intuiciju, karakteristi\u010dno za ovaj period jest otpu\u0161tanje toksi\u010dnih emocionalnih veza. Suo\u010davat \u0107emo se s onime \u0161to smo du\u017ee vrijeme izbjegavali.<\/p>\n<p>Tijekom ovog razdoblja slijede velike karmi\u010dke promjene. <em>Rahu<\/em> i <em>Ketu, <\/em>u susretu stvaraju sjenu nad Suncem i Mjesecom. Sunce predstavlja vitalnost, sposobnost za rast, osobni identitet, dok Mjesec predstavlja emocije, um, odr\u017eavanje \u017eivota. Ljudi su skloni naglim promjenama, stoga je u razdoblju pomr\u010dina najve\u0107i broj sklopljenih brakova, ali i razvedenih te su \u010de\u0161\u0107e nezgode i nesre\u0107e.<\/p>\n<p>Budu\u0107i da je u tijeku i retrogradni Merkur, ovaj period mo\u017ee biti energetski iscrpljuju\u0107. Potrebno je opustiti se, prizemljiti te biti spreman na neo\u010dekivano.<\/p>\n<p>&nbsp;<\/p>\n<p><strong>Dalal Zelenika, 3.c<\/strong><\/p>\n","protected":false},"excerpt":{"rendered":"<p>Sezone pomra\u010denja, tj. eklipse, doga\u0111aju se dvaput godi\u0161nje te obuhva\u0107aju \u010detiri lunarna doga\u0111aja. Super energetski osna\u017eeni mladi i puni Mjesec ima tendenciju stimulacije zapanjuju\u0107ih promjena koje pojedinca poti\u010du na osobni rast. Prva sezona pomra\u010denja zapo\u010dinje 20. travnja pomra\u010denjem Sunca i mladim Mjesecom u Ovnu (kardinalnom vatrenom znaku), a zavr\u0161ava lunarnom pomr\u010dinom 5. svibnja u znaku [&hellip;]<\/p>\n","protected":false},"author":10,"featured_media":0,"comment_status":"closed","ping_status":"closed","sticky":false,"template":"","format":"standard","meta":{"_et_pb_use_builder":"","_et_pb_old_content":"","_et_gb_content_width":"","footnotes":""},"categories":[85],"tags":[],"class_list":["post-14197","post","type-post","status-publish","format-standard","hentry","category-blog"],"_links":{"self":[{"href":"https:\/\/prva.hr\/index.php\/wp-json\/wp\/v2\/posts\/14197","targetHints":{"allow":["GET"]}}],"collection":[{"href":"https:\/\/prva.hr\/index.php\/wp-json\/wp\/v2\/posts"}],"about":[{"href":"https:\/\/prva.hr\/index.php\/wp-json\/wp\/v2\/types\/post"}],"author":[{"embeddable":true,"href":"https:\/\/prva.hr\/index.php\/wp-json\/wp\/v2\/users\/10"}],"replies":[{"embeddable":true,"href":"https:\/\/prva.hr\/index.php\/wp-json\/wp\/v2\/comments?post=14197"}],"version-history":[{"count":4,"href":"https:\/\/prva.hr\/index.php\/wp-json\/wp\/v2\/posts\/14197\/revisions"}],"predecessor-version":[{"id":14202,"href":"https:\/\/prva.hr\/index.php\/wp-json\/wp\/v2\/posts\/14197\/revisions\/14202"}],"wp:attachment":[{"href":"https:\/\/prva.hr\/index.php\/wp-json\/wp\/v2\/media?parent=14197"}],"wp:term":[{"taxonomy":"category","embeddable":true,"href":"https:\/\/prva.hr\/index.php\/wp-json\/wp\/v2\/categories?post=14197"},{"taxonomy":"post_tag","embeddable":true,"href":"https:\/\/prva.hr\/index.php\/wp-json\/wp\/v2\/tags?post=14197"}],"curies":[{"name":"wp","href":"https:\/\/api.w.org\/{rel}","templated":true}]}}