{"id":142,"date":"2009-04-30T13:25:34","date_gmt":"2009-04-30T11:25:34","guid":{"rendered":"http:\/\/www2.prva.hr\/?p=142"},"modified":"2017-08-31T01:50:09","modified_gmt":"2017-08-30T23:50:09","slug":"prva-pomoc","status":"publish","type":"post","link":"https:\/\/prva.hr\/index.php\/2009\/04\/30\/prva-pomoc\/","title":{"rendered":"Prva pomo\u0107"},"content":{"rendered":"<p>U \u0161kolskoj godini 2008\/2009. 1. gimnazija tj. njezina ekipa Prve pomo\u0107i nastavila je s odli\u010dnim rezultatima. Osvojila je 1. mjesto na izlu\u010dnom prednatjecanju srednjih \u0161kola\u00a0 odr\u017eanom 6. velja\u010de 2009., zatim 4. mjesto na natjecanju na razini gradskih \u010detvrti odr\u017eanom 4. o\u017eujka 2009., te 2. mjesto na Gradskom natjecanju koje se kao usputna nagrada za deset najbolje plasiranih osnovnih i deset najbolje plasiranih srednjih \u0161kola odr\u017ealo u Novom Vinodolskom 4. travnja 2009.godine. Ovogodi\u0161nju ekipu izabrala sam izme\u0111u 28 u\u010denika koji su poha\u0111ali te\u010daj PP u trajanju od 10 sati u na\u0161oj \u0161koli. Te\u010daj je vodio dr.Igor Bi\u010dani\u0107. Testiranjem u\u010denika odabrala sam njih 13 koji su pove\u0107ali svoje znanje na te\u010daju u Domu Crvenog kri\u017ea u Novom Vinodolskom od 19. do 21.sije\u010dnja 2009. Na \u0161kolskom natjecanju odr\u017eanom 30. sije\u010dnja 2009. kona\u010dno se izdvojilo 6 najboljih u\u010denica koje su polu\u010dile ve\u0107 spomenute rezultate. Djevojke su se predano pripremale uz pomo\u0107 \u010dlanova lanjske pobjedni\u010dke ekipe. Osobito im je pomogao\u00a0 Dean\u00a0 Aliba\u0161i\u0107. Na natjecanjima sam bila ponosna, ne samo zbog njihova uspjeha nego i zbog doista uzornog pona\u0161anja i prezentiranja na\u0161e \u0161kole. Te krasne djevojke su: Tea Harasemljuk i Lana Landeka iz 2.A, Marija Zovki\u0107 i Ana Jerat iz 2. B. , Klara Njega\u010d iz 2.C., te Angela Perli\u0107 iz 2.E razreda. Hvala i pro\u0161logodi\u0161njoj\u00a0 i recentnoj ekipi. \u010cestitam im na postignutim rezultatima i o\u010dekujem njihovu pomo\u0107 u educiranju budu\u0107ih ekipa.<\/p>\n<p>&nbsp;<\/p>\n<p><img decoding=\"async\" class=\"alignnone size-medium wp-image-143 aligncenter lazyload\" data-src=\"http:\/\/www2.prva.hr\/wp-content\/uploads\/2017\/04\/plakat_svdan_pp_2006_medium-266x300.jpg\" alt=\"\" width=\"266\" height=\"300\" data-srcset=\"https:\/\/prva.hr\/wp-content\/uploads\/2017\/04\/plakat_svdan_pp_2006_medium-266x300.jpg 266w, https:\/\/prva.hr\/wp-content\/uploads\/2017\/04\/plakat_svdan_pp_2006_medium.jpg 531w\" data-sizes=\"(max-width: 266px) 100vw, 266px\" src=\"data:image\/svg+xml;base64,PHN2ZyB3aWR0aD0iMSIgaGVpZ2h0PSIxIiB4bWxucz0iaHR0cDovL3d3dy53My5vcmcvMjAwMC9zdmciPjwvc3ZnPg==\" style=\"--smush-placeholder-width: 266px; --smush-placeholder-aspect-ratio: 266\/300;\" \/><\/p>\n<p style=\"text-align: right;\">\u00a0\u00a0\u00a0\u00a0\u00a0\u00a0\u00a0\u00a0\u00a0\u00a0\u00a0\u00a0\u00a0\u00a0\u00a0\u00a0\u00a0\u00a0\u00a0\u00a0\u00a0\u00a0\u00a0\u00a0\u00a0\u00a0\u00a0\u00a0\u00a0\u00a0\u00a0\u00a0\u00a0\u00a0\u00a0\u00a0\u00a0\u00a0\u00a0\u00a0\u00a0\u00a0\u00a0\u00a0\u00a0\u00a0 Povjerenik CK:<\/p>\n<p style=\"text-align: right;\">\u00a0\u00a0\u00a0\u00a0\u00a0\u00a0\u00a0\u00a0\u00a0\u00a0\u00a0\u00a0\u00a0\u00a0\u00a0\u00a0\u00a0\u00a0\u00a0\u00a0\u00a0\u00a0\u00a0\u00a0\u00a0\u00a0\u00a0\u00a0\u00a0\u00a0\u00a0\u00a0\u00a0\u00a0\u00a0\u00a0\u00a0\u00a0\u00a0\u00a0\u00a0\u00a0\u00a0\u00a0\u00a0\u00a0 Bla\u017eenka Bo\u017ei\u010devi\u0107, prof.<\/p>\n","protected":false},"excerpt":{"rendered":"<p>U \u0161kolskoj godini 2008\/2009. 1. gimnazija tj. njezina ekipa Prve pomo\u0107i nastavila je s odli\u010dnim rezultatima. Osvojila je 1. mjesto na izlu\u010dnom prednatjecanju srednjih \u0161kola\u00a0 odr\u017eanom 6. velja\u010de 2009., zatim 4. mjesto na natjecanju na razini gradskih \u010detvrti odr\u017eanom 4. o\u017eujka 2009., te 2. mjesto na Gradskom natjecanju koje se kao usputna nagrada za deset [&hellip;]<\/p>\n","protected":false},"author":1,"featured_media":1325,"comment_status":"closed","ping_status":"closed","sticky":false,"template":"","format":"standard","meta":{"_et_pb_use_builder":"","_et_pb_old_content":"","_et_gb_content_width":"","footnotes":""},"categories":[5,7],"tags":[],"class_list":["post-142","post","type-post","status-publish","format-standard","has-post-thumbnail","hentry","category-aktivnosti","category-crveni-kriz"],"_links":{"self":[{"href":"https:\/\/prva.hr\/index.php\/wp-json\/wp\/v2\/posts\/142","targetHints":{"allow":["GET"]}}],"collection":[{"href":"https:\/\/prva.hr\/index.php\/wp-json\/wp\/v2\/posts"}],"about":[{"href":"https:\/\/prva.hr\/index.php\/wp-json\/wp\/v2\/types\/post"}],"author":[{"embeddable":true,"href":"https:\/\/prva.hr\/index.php\/wp-json\/wp\/v2\/users\/1"}],"replies":[{"embeddable":true,"href":"https:\/\/prva.hr\/index.php\/wp-json\/wp\/v2\/comments?post=142"}],"version-history":[{"count":1,"href":"https:\/\/prva.hr\/index.php\/wp-json\/wp\/v2\/posts\/142\/revisions"}],"predecessor-version":[{"id":144,"href":"https:\/\/prva.hr\/index.php\/wp-json\/wp\/v2\/posts\/142\/revisions\/144"}],"wp:featuredmedia":[{"embeddable":true,"href":"https:\/\/prva.hr\/index.php\/wp-json\/wp\/v2\/media\/1325"}],"wp:attachment":[{"href":"https:\/\/prva.hr\/index.php\/wp-json\/wp\/v2\/media?parent=142"}],"wp:term":[{"taxonomy":"category","embeddable":true,"href":"https:\/\/prva.hr\/index.php\/wp-json\/wp\/v2\/categories?post=142"},{"taxonomy":"post_tag","embeddable":true,"href":"https:\/\/prva.hr\/index.php\/wp-json\/wp\/v2\/tags?post=142"}],"curies":[{"name":"wp","href":"https:\/\/api.w.org\/{rel}","templated":true}]}}