{"id":14218,"date":"2023-04-25T18:05:50","date_gmt":"2023-04-25T16:05:50","guid":{"rendered":"https:\/\/www.prva.hr\/?p=14218"},"modified":"2023-04-25T18:05:50","modified_gmt":"2023-04-25T16:05:50","slug":"3-mjesto-na-drzavnom-natjecanju-iz-logike","status":"publish","type":"post","link":"https:\/\/prva.hr\/index.php\/2023\/04\/25\/3-mjesto-na-drzavnom-natjecanju-iz-logike\/","title":{"rendered":"3. mjesto na dr\u017eavnom Natjecanju iz logike"},"content":{"rendered":"<p>Od 19. do 21. travnja u Vinkovcima odr\u017eano je dr\u017eavno Natjecanje iz logike.<\/p>\n<p>Na\u0161 u\u010denik Filip Vu\u010di\u0107 (4.f) ostvario je tre\u0107e mjesto! \u010cestitke u\u010deniku i mentoru prof. Alenu Su\u0107eski!<\/p>\n","protected":false},"excerpt":{"rendered":"<p>Od 19. do 21. travnja u Vinkovcima odr\u017eano je dr\u017eavno Natjecanje iz logike. Na\u0161 u\u010denik Filip Vu\u010di\u0107 (4.f) ostvario je tre\u0107e mjesto! \u010cestitke u\u010deniku i mentoru prof. Alenu Su\u0107eski!<\/p>\n","protected":false},"author":7,"featured_media":14219,"comment_status":"closed","ping_status":"closed","sticky":false,"template":"","format":"standard","meta":{"_et_pb_use_builder":"","_et_pb_old_content":"","_et_gb_content_width":"","footnotes":""},"categories":[4,24],"tags":[],"class_list":["post-14218","post","type-post","status-publish","format-standard","has-post-thumbnail","hentry","category-najnovije-vijesti","category-predmetna-natjecanja"],"_links":{"self":[{"href":"https:\/\/prva.hr\/index.php\/wp-json\/wp\/v2\/posts\/14218","targetHints":{"allow":["GET"]}}],"collection":[{"href":"https:\/\/prva.hr\/index.php\/wp-json\/wp\/v2\/posts"}],"about":[{"href":"https:\/\/prva.hr\/index.php\/wp-json\/wp\/v2\/types\/post"}],"author":[{"embeddable":true,"href":"https:\/\/prva.hr\/index.php\/wp-json\/wp\/v2\/users\/7"}],"replies":[{"embeddable":true,"href":"https:\/\/prva.hr\/index.php\/wp-json\/wp\/v2\/comments?post=14218"}],"version-history":[{"count":1,"href":"https:\/\/prva.hr\/index.php\/wp-json\/wp\/v2\/posts\/14218\/revisions"}],"predecessor-version":[{"id":14220,"href":"https:\/\/prva.hr\/index.php\/wp-json\/wp\/v2\/posts\/14218\/revisions\/14220"}],"wp:featuredmedia":[{"embeddable":true,"href":"https:\/\/prva.hr\/index.php\/wp-json\/wp\/v2\/media\/14219"}],"wp:attachment":[{"href":"https:\/\/prva.hr\/index.php\/wp-json\/wp\/v2\/media?parent=14218"}],"wp:term":[{"taxonomy":"category","embeddable":true,"href":"https:\/\/prva.hr\/index.php\/wp-json\/wp\/v2\/categories?post=14218"},{"taxonomy":"post_tag","embeddable":true,"href":"https:\/\/prva.hr\/index.php\/wp-json\/wp\/v2\/tags?post=14218"}],"curies":[{"name":"wp","href":"https:\/\/api.w.org\/{rel}","templated":true}]}}