{"id":14242,"date":"2023-04-26T21:51:39","date_gmt":"2023-04-26T19:51:39","guid":{"rendered":"https:\/\/www.prva.hr\/?p=14242"},"modified":"2023-04-26T21:51:39","modified_gmt":"2023-04-26T19:51:39","slug":"drzavno-natjecanje-iz-informatike-2","status":"publish","type":"post","link":"https:\/\/prva.hr\/index.php\/2023\/04\/26\/drzavno-natjecanje-iz-informatike-2\/","title":{"rendered":"Dr\u017eavno natjecanje iz informatike"},"content":{"rendered":"<p>Na Dr\u017eavnom natjecanju iz Informatike koje se odr\u017eavalo u Vodicama imali smo dva predstavnika u dvije kategorije. P. Badurina (2.e) natjecao se u kategoriji Osnove informatike za gimnazije, a T. Feren\u010dak (1.b) u kategoriji Primjena Algoritama. S natjecanja smo se vratili s novim iskustvima, znanjima i prijateljstvima. Ovo je prvi put da smo imali predstavnika u kategoriji Primjena algoritama. Sudjelovanjem na dr\u017eavnoj razini T. Feren\u010dak ostvario je pravo na izravan upis na nekoliko fakulteta, izme\u0111u ostalih PMF (matematika istra\u017eiva\u010dki i nastavni\u010dki smjer).<\/p>\n<p>&nbsp;<\/p>\n<p><img decoding=\"async\" class=\"alignnone size-medium wp-image-14243 aligncenter lazyload\" data-src=\"https:\/\/www.prva.hr\/wp-content\/uploads\/2023\/04\/IMG-20230422-WA0003-225x300.jpg\" alt=\"\" width=\"225\" height=\"300\" data-srcset=\"https:\/\/prva.hr\/wp-content\/uploads\/2023\/04\/IMG-20230422-WA0003-225x300.jpg 225w, https:\/\/prva.hr\/wp-content\/uploads\/2023\/04\/IMG-20230422-WA0003-768x1024.jpg 768w, https:\/\/prva.hr\/wp-content\/uploads\/2023\/04\/IMG-20230422-WA0003.jpg 1500w\" data-sizes=\"(max-width: 225px) 100vw, 225px\" src=\"data:image\/svg+xml;base64,PHN2ZyB3aWR0aD0iMSIgaGVpZ2h0PSIxIiB4bWxucz0iaHR0cDovL3d3dy53My5vcmcvMjAwMC9zdmciPjwvc3ZnPg==\" style=\"--smush-placeholder-width: 225px; --smush-placeholder-aspect-ratio: 225\/300;\" \/><\/p>\n","protected":false},"excerpt":{"rendered":"<p>Na Dr\u017eavnom natjecanju iz Informatike koje se odr\u017eavalo u Vodicama imali smo dva predstavnika u dvije kategorije. P. Badurina (2.e) natjecao se u kategoriji Osnove informatike za gimnazije, a T. Feren\u010dak (1.b) u kategoriji Primjena Algoritama. S natjecanja smo se vratili s novim iskustvima, znanjima i prijateljstvima. Ovo je prvi put da smo imali predstavnika [&hellip;]<\/p>\n","protected":false},"author":7,"featured_media":14244,"comment_status":"closed","ping_status":"closed","sticky":false,"template":"","format":"standard","meta":{"_et_pb_use_builder":"","_et_pb_old_content":"","_et_gb_content_width":"","footnotes":""},"categories":[4,24],"tags":[],"class_list":["post-14242","post","type-post","status-publish","format-standard","has-post-thumbnail","hentry","category-najnovije-vijesti","category-predmetna-natjecanja"],"_links":{"self":[{"href":"https:\/\/prva.hr\/index.php\/wp-json\/wp\/v2\/posts\/14242","targetHints":{"allow":["GET"]}}],"collection":[{"href":"https:\/\/prva.hr\/index.php\/wp-json\/wp\/v2\/posts"}],"about":[{"href":"https:\/\/prva.hr\/index.php\/wp-json\/wp\/v2\/types\/post"}],"author":[{"embeddable":true,"href":"https:\/\/prva.hr\/index.php\/wp-json\/wp\/v2\/users\/7"}],"replies":[{"embeddable":true,"href":"https:\/\/prva.hr\/index.php\/wp-json\/wp\/v2\/comments?post=14242"}],"version-history":[{"count":1,"href":"https:\/\/prva.hr\/index.php\/wp-json\/wp\/v2\/posts\/14242\/revisions"}],"predecessor-version":[{"id":14245,"href":"https:\/\/prva.hr\/index.php\/wp-json\/wp\/v2\/posts\/14242\/revisions\/14245"}],"wp:featuredmedia":[{"embeddable":true,"href":"https:\/\/prva.hr\/index.php\/wp-json\/wp\/v2\/media\/14244"}],"wp:attachment":[{"href":"https:\/\/prva.hr\/index.php\/wp-json\/wp\/v2\/media?parent=14242"}],"wp:term":[{"taxonomy":"category","embeddable":true,"href":"https:\/\/prva.hr\/index.php\/wp-json\/wp\/v2\/categories?post=14242"},{"taxonomy":"post_tag","embeddable":true,"href":"https:\/\/prva.hr\/index.php\/wp-json\/wp\/v2\/tags?post=14242"}],"curies":[{"name":"wp","href":"https:\/\/api.w.org\/{rel}","templated":true}]}}