{"id":14288,"date":"2023-05-02T14:14:35","date_gmt":"2023-05-02T12:14:35","guid":{"rendered":"https:\/\/www.prva.hr\/?p=14288"},"modified":"2023-05-02T14:14:35","modified_gmt":"2023-05-02T12:14:35","slug":"drzavno-natjecanje-iz-povijesti-2","status":"publish","type":"post","link":"https:\/\/prva.hr\/index.php\/2023\/05\/02\/drzavno-natjecanje-iz-povijesti-2\/","title":{"rendered":"Dr\u017eavno natjecanje iz povijesti"},"content":{"rendered":"<p>Od 26. do 28. travnja u Vinkovcima odr\u017eano je dr\u017eavno Natjecanje iz povijesti.<\/p>\n<p>Na\u0161 u\u010denik Daniel Mar\u010dinko (2.c) ostvario je prvo mjesto! \u010cestitke u\u010deniku i mentoru prof. Andriji Lovri\u0107u!<\/p>\n<p>Osim Daniela, na natjecanju je sudjelovala i Ana Tumir (2.d) koja je ostvarila 7. mjesto. \u010cestitke u\u010denici i mentoru prof. Ivici Mandu\u0161i\u0107u!<\/p>\n","protected":false},"excerpt":{"rendered":"<p>Od 26. do 28. travnja u Vinkovcima odr\u017eano je dr\u017eavno Natjecanje iz povijesti. Na\u0161 u\u010denik Daniel Mar\u010dinko (2.c) ostvario je prvo mjesto! \u010cestitke u\u010deniku i mentoru prof. Andriji Lovri\u0107u! Osim Daniela, na natjecanju je sudjelovala i Ana Tumir (2.d) koja je ostvarila 7. mjesto. \u010cestitke u\u010denici i mentoru prof. Ivici Mandu\u0161i\u0107u!<\/p>\n","protected":false},"author":7,"featured_media":14289,"comment_status":"closed","ping_status":"closed","sticky":false,"template":"","format":"standard","meta":{"_et_pb_use_builder":"","_et_pb_old_content":"","_et_gb_content_width":"","footnotes":""},"categories":[4,24],"tags":[],"class_list":["post-14288","post","type-post","status-publish","format-standard","has-post-thumbnail","hentry","category-najnovije-vijesti","category-predmetna-natjecanja"],"_links":{"self":[{"href":"https:\/\/prva.hr\/index.php\/wp-json\/wp\/v2\/posts\/14288","targetHints":{"allow":["GET"]}}],"collection":[{"href":"https:\/\/prva.hr\/index.php\/wp-json\/wp\/v2\/posts"}],"about":[{"href":"https:\/\/prva.hr\/index.php\/wp-json\/wp\/v2\/types\/post"}],"author":[{"embeddable":true,"href":"https:\/\/prva.hr\/index.php\/wp-json\/wp\/v2\/users\/7"}],"replies":[{"embeddable":true,"href":"https:\/\/prva.hr\/index.php\/wp-json\/wp\/v2\/comments?post=14288"}],"version-history":[{"count":1,"href":"https:\/\/prva.hr\/index.php\/wp-json\/wp\/v2\/posts\/14288\/revisions"}],"predecessor-version":[{"id":14290,"href":"https:\/\/prva.hr\/index.php\/wp-json\/wp\/v2\/posts\/14288\/revisions\/14290"}],"wp:featuredmedia":[{"embeddable":true,"href":"https:\/\/prva.hr\/index.php\/wp-json\/wp\/v2\/media\/14289"}],"wp:attachment":[{"href":"https:\/\/prva.hr\/index.php\/wp-json\/wp\/v2\/media?parent=14288"}],"wp:term":[{"taxonomy":"category","embeddable":true,"href":"https:\/\/prva.hr\/index.php\/wp-json\/wp\/v2\/categories?post=14288"},{"taxonomy":"post_tag","embeddable":true,"href":"https:\/\/prva.hr\/index.php\/wp-json\/wp\/v2\/tags?post=14288"}],"curies":[{"name":"wp","href":"https:\/\/api.w.org\/{rel}","templated":true}]}}