{"id":14337,"date":"2023-05-04T22:51:21","date_gmt":"2023-05-04T20:51:21","guid":{"rendered":"https:\/\/www.prva.hr\/?p=14337"},"modified":"2023-05-07T23:08:20","modified_gmt":"2023-05-07T21:08:20","slug":"drzavno-natjecanje-iz-latinskog-jezika","status":"publish","type":"post","link":"https:\/\/prva.hr\/index.php\/2023\/05\/04\/drzavno-natjecanje-iz-latinskog-jezika\/","title":{"rendered":"Dr\u017eavno natjecanje iz latinskog jezika"},"content":{"rendered":"<p>Od 2. do 4. svibnja u Zadru je\u00a0odr\u017eano dr\u017eavno Natjecanje natjecanje\u00a0u poznavanju latinskog jezika i rimske civilizacije gdje je na\u0161a u\u010denica Ana Tumir (2.d) osvojila sjajno \u0161esto mjesto. Anina ekipa je isto tako osvojila i prvu nagradu u poznavanju anti\u010dke civilizacije na pub kvizu koji je bio organiziran na Sveu\u010dili\u0161tu u Zadru. Cijeli doga\u0111aj je bio u povratku zaokru\u017een posjetom gradu Ninu i obilaskom njegovih\u00a0znamenitosti. \u010cestitke u\u010denici i mentorici prof. Maji \u010cubrani\u0107!<\/p>\n<p>&nbsp;<\/p>\n<p><img decoding=\"async\" class=\"size-medium wp-image-14338 aligncenter lazyload\" data-src=\"https:\/\/www.prva.hr\/wp-content\/uploads\/2023\/05\/WhatsApp-2-300x225.jpg\" alt=\"\" width=\"300\" height=\"225\" data-srcset=\"https:\/\/prva.hr\/wp-content\/uploads\/2023\/05\/WhatsApp-2-300x225.jpg 300w, https:\/\/prva.hr\/wp-content\/uploads\/2023\/05\/WhatsApp-2-768x576.jpg 768w, https:\/\/prva.hr\/wp-content\/uploads\/2023\/05\/WhatsApp-2-1024x768.jpg 1024w, https:\/\/prva.hr\/wp-content\/uploads\/2023\/05\/WhatsApp-2-400x300.jpg 400w, https:\/\/prva.hr\/wp-content\/uploads\/2023\/05\/WhatsApp-2.jpg 2000w\" data-sizes=\"(max-width: 300px) 100vw, 300px\" src=\"data:image\/svg+xml;base64,PHN2ZyB3aWR0aD0iMSIgaGVpZ2h0PSIxIiB4bWxucz0iaHR0cDovL3d3dy53My5vcmcvMjAwMC9zdmciPjwvc3ZnPg==\" style=\"--smush-placeholder-width: 300px; --smush-placeholder-aspect-ratio: 300\/225;\" \/><\/p>\n","protected":false},"excerpt":{"rendered":"<p>Od 2. do 4. svibnja u Zadru je\u00a0odr\u017eano dr\u017eavno Natjecanje natjecanje\u00a0u poznavanju latinskog jezika i rimske civilizacije gdje je na\u0161a u\u010denica Ana Tumir (2.d) osvojila sjajno \u0161esto mjesto. Anina ekipa je isto tako osvojila i prvu nagradu u poznavanju anti\u010dke civilizacije na pub kvizu koji je bio organiziran na Sveu\u010dili\u0161tu u Zadru. Cijeli doga\u0111aj je [&hellip;]<\/p>\n","protected":false},"author":7,"featured_media":14339,"comment_status":"closed","ping_status":"closed","sticky":false,"template":"","format":"standard","meta":{"_et_pb_use_builder":"","_et_pb_old_content":"","_et_gb_content_width":"","footnotes":""},"categories":[4,24],"tags":[],"class_list":["post-14337","post","type-post","status-publish","format-standard","has-post-thumbnail","hentry","category-najnovije-vijesti","category-predmetna-natjecanja"],"_links":{"self":[{"href":"https:\/\/prva.hr\/index.php\/wp-json\/wp\/v2\/posts\/14337","targetHints":{"allow":["GET"]}}],"collection":[{"href":"https:\/\/prva.hr\/index.php\/wp-json\/wp\/v2\/posts"}],"about":[{"href":"https:\/\/prva.hr\/index.php\/wp-json\/wp\/v2\/types\/post"}],"author":[{"embeddable":true,"href":"https:\/\/prva.hr\/index.php\/wp-json\/wp\/v2\/users\/7"}],"replies":[{"embeddable":true,"href":"https:\/\/prva.hr\/index.php\/wp-json\/wp\/v2\/comments?post=14337"}],"version-history":[{"count":2,"href":"https:\/\/prva.hr\/index.php\/wp-json\/wp\/v2\/posts\/14337\/revisions"}],"predecessor-version":[{"id":14341,"href":"https:\/\/prva.hr\/index.php\/wp-json\/wp\/v2\/posts\/14337\/revisions\/14341"}],"wp:featuredmedia":[{"embeddable":true,"href":"https:\/\/prva.hr\/index.php\/wp-json\/wp\/v2\/media\/14339"}],"wp:attachment":[{"href":"https:\/\/prva.hr\/index.php\/wp-json\/wp\/v2\/media?parent=14337"}],"wp:term":[{"taxonomy":"category","embeddable":true,"href":"https:\/\/prva.hr\/index.php\/wp-json\/wp\/v2\/categories?post=14337"},{"taxonomy":"post_tag","embeddable":true,"href":"https:\/\/prva.hr\/index.php\/wp-json\/wp\/v2\/tags?post=14337"}],"curies":[{"name":"wp","href":"https:\/\/api.w.org\/{rel}","templated":true}]}}