{"id":14342,"date":"2023-05-08T19:45:42","date_gmt":"2023-05-08T17:45:42","guid":{"rendered":"https:\/\/www.prva.hr\/?p=14342"},"modified":"2023-05-08T19:45:42","modified_gmt":"2023-05-08T17:45:42","slug":"nastup-djevojackog-zbora-na-66-glazbenim-svecanostima-hrvatske-mladezi","status":"publish","type":"post","link":"https:\/\/prva.hr\/index.php\/2023\/05\/08\/nastup-djevojackog-zbora-na-66-glazbenim-svecanostima-hrvatske-mladezi\/","title":{"rendered":"Nastup Djevoja\u010dkog zbora na 66. glazbenim sve\u010danostima hrvatske mlade\u017ei"},"content":{"rendered":"<p>Tradicionalno u Vara\u017edinu 3. i 4. svibnja odr\u017eane su\u00a066. glazbene sve\u010danosti hrvatske mlade\u017ei gdje je nastupio i na\u0161 Djevoja\u010dki zbor pod vodstvom prof. Kristine Vladu\u0161i\u0107. Djevojke su ostvarile izvrstan rezultat, 3. mjesto i Srebrnu plaketu za svoj nastup. \u010cestitamo u\u010denicama i prof. Kristini Vladu\u0161i\u0107!<\/p>\n<p>&nbsp;<\/p>\n<p><img decoding=\"async\" class=\"size-medium wp-image-14344 aligncenter lazyload\" data-src=\"https:\/\/www.prva.hr\/wp-content\/uploads\/2023\/05\/WhatsApp-Slika3-300x169.jpg\" alt=\"\" width=\"300\" height=\"169\" data-srcset=\"https:\/\/prva.hr\/wp-content\/uploads\/2023\/05\/WhatsApp-Slika3-300x169.jpg 300w, https:\/\/prva.hr\/wp-content\/uploads\/2023\/05\/WhatsApp-Slika3-768x432.jpg 768w, https:\/\/prva.hr\/wp-content\/uploads\/2023\/05\/WhatsApp-Slika3-1024x576.jpg 1024w, https:\/\/prva.hr\/wp-content\/uploads\/2023\/05\/WhatsApp-Slika3-400x225.jpg 400w, https:\/\/prva.hr\/wp-content\/uploads\/2023\/05\/WhatsApp-Slika3.jpg 2000w\" data-sizes=\"(max-width: 300px) 100vw, 300px\" src=\"data:image\/svg+xml;base64,PHN2ZyB3aWR0aD0iMSIgaGVpZ2h0PSIxIiB4bWxucz0iaHR0cDovL3d3dy53My5vcmcvMjAwMC9zdmciPjwvc3ZnPg==\" style=\"--smush-placeholder-width: 300px; --smush-placeholder-aspect-ratio: 300\/169;\" \/><\/p>\n<p>&nbsp;<\/p>\n<p style=\"text-align: center;\"><img decoding=\"async\" class=\"alignnone size-medium wp-image-14348 lazyload\" data-src=\"https:\/\/www.prva.hr\/wp-content\/uploads\/2023\/05\/Pedagog0040_page-0001-182x300.jpg\" alt=\"\" width=\"182\" height=\"300\" data-srcset=\"https:\/\/prva.hr\/wp-content\/uploads\/2023\/05\/Pedagog0040_page-0001-182x300.jpg 182w, https:\/\/prva.hr\/wp-content\/uploads\/2023\/05\/Pedagog0040_page-0001-768x1265.jpg 768w, https:\/\/prva.hr\/wp-content\/uploads\/2023\/05\/Pedagog0040_page-0001-622x1024.jpg 622w, https:\/\/prva.hr\/wp-content\/uploads\/2023\/05\/Pedagog0040_page-0001.jpg 1275w\" data-sizes=\"(max-width: 182px) 100vw, 182px\" src=\"data:image\/svg+xml;base64,PHN2ZyB3aWR0aD0iMSIgaGVpZ2h0PSIxIiB4bWxucz0iaHR0cDovL3d3dy53My5vcmcvMjAwMC9zdmciPjwvc3ZnPg==\" style=\"--smush-placeholder-width: 182px; --smush-placeholder-aspect-ratio: 182\/300;\" \/><\/p>\n","protected":false},"excerpt":{"rendered":"<p>Tradicionalno u Vara\u017edinu 3. i 4. svibnja odr\u017eane su\u00a066. glazbene sve\u010danosti hrvatske mlade\u017ei gdje je nastupio i na\u0161 Djevoja\u010dki zbor pod vodstvom prof. Kristine Vladu\u0161i\u0107. Djevojke su ostvarile izvrstan rezultat, 3. mjesto i Srebrnu plaketu za svoj nastup. \u010cestitamo u\u010denicama i prof. Kristini Vladu\u0161i\u0107! &nbsp; &nbsp;<\/p>\n","protected":false},"author":7,"featured_media":14343,"comment_status":"closed","ping_status":"closed","sticky":false,"template":"","format":"standard","meta":{"_et_pb_use_builder":"","_et_pb_old_content":"","_et_gb_content_width":"","footnotes":""},"categories":[4,24,1],"tags":[],"class_list":["post-14342","post","type-post","status-publish","format-standard","has-post-thumbnail","hentry","category-najnovije-vijesti","category-predmetna-natjecanja","category-nekategorizirano"],"_links":{"self":[{"href":"https:\/\/prva.hr\/index.php\/wp-json\/wp\/v2\/posts\/14342","targetHints":{"allow":["GET"]}}],"collection":[{"href":"https:\/\/prva.hr\/index.php\/wp-json\/wp\/v2\/posts"}],"about":[{"href":"https:\/\/prva.hr\/index.php\/wp-json\/wp\/v2\/types\/post"}],"author":[{"embeddable":true,"href":"https:\/\/prva.hr\/index.php\/wp-json\/wp\/v2\/users\/7"}],"replies":[{"embeddable":true,"href":"https:\/\/prva.hr\/index.php\/wp-json\/wp\/v2\/comments?post=14342"}],"version-history":[{"count":2,"href":"https:\/\/prva.hr\/index.php\/wp-json\/wp\/v2\/posts\/14342\/revisions"}],"predecessor-version":[{"id":14349,"href":"https:\/\/prva.hr\/index.php\/wp-json\/wp\/v2\/posts\/14342\/revisions\/14349"}],"wp:featuredmedia":[{"embeddable":true,"href":"https:\/\/prva.hr\/index.php\/wp-json\/wp\/v2\/media\/14343"}],"wp:attachment":[{"href":"https:\/\/prva.hr\/index.php\/wp-json\/wp\/v2\/media?parent=14342"}],"wp:term":[{"taxonomy":"category","embeddable":true,"href":"https:\/\/prva.hr\/index.php\/wp-json\/wp\/v2\/categories?post=14342"},{"taxonomy":"post_tag","embeddable":true,"href":"https:\/\/prva.hr\/index.php\/wp-json\/wp\/v2\/tags?post=14342"}],"curies":[{"name":"wp","href":"https:\/\/api.w.org\/{rel}","templated":true}]}}