{"id":14360,"date":"2023-05-10T08:47:48","date_gmt":"2023-05-10T06:47:48","guid":{"rendered":"https:\/\/www.prva.hr\/?p=14360"},"modified":"2023-05-10T08:48:11","modified_gmt":"2023-05-10T06:48:11","slug":"predstavljanje-projekta-dizel-na-carnetovoj-konferenciji","status":"publish","type":"post","link":"https:\/\/prva.hr\/index.php\/2023\/05\/10\/predstavljanje-projekta-dizel-na-carnetovoj-konferenciji\/","title":{"rendered":"Predstavljanje projekta DiZel na CARNetovoj konferenciji"},"content":{"rendered":"<p>NA 25. CARNetovoj korisni\u010dkoj konferenciji (CUC 2023) koja se odr\u017eavala od 25. do 28. travnja u Rovinju predstavljen je projekt DiZel. Projekt se bavi razvojem digitalnih i zelenih vje\u0161tina, a predstavile su ga profesorica Gordana Sekuli\u0107-\u0160tiv\u010devi\u0107 i ravnateljica Dunja Maru\u0161i\u0107 Brezeti\u0107.\u00a0 Na\u0161 projekt je dobio visoke ocjene stru\u010dne recenzije i uvr\u0161ten je u program CUC-a. Na prosudbu je stiglo 450 prijava, a odabrano je 60 najboljih.<\/p>\n<p>Kroz izlaganje predstavili smo aktivnosti koje se odr\u017eavaju u sklopu projekta. Vi\u0161e o izlaganju mo\u017eete vidjeti <a href=\"https:\/\/radovi2023.cuc.carnet.hr\/modules\/request.php?module=oc_program&amp;action=summary.php&amp;id=310\">ovdje<\/a><\/p>\n<p>Aktivnosti koje se odvijaju u projektu DiZel uklju\u010dene su u kampanju <a href=\"https:\/\/alldigitalweeks.eu\/\">All Digital Weeks.<\/a><\/p>\n<p><img decoding=\"async\" class=\"alignnone size-large wp-image-14361 lazyload\" data-src=\"https:\/\/www.prva.hr\/wp-content\/uploads\/2023\/05\/20230427_165117-576x1024.jpg\" alt=\"\" width=\"576\" height=\"1024\" data-srcset=\"https:\/\/prva.hr\/wp-content\/uploads\/2023\/05\/20230427_165117-576x1024.jpg 576w, https:\/\/prva.hr\/wp-content\/uploads\/2023\/05\/20230427_165117-169x300.jpg 169w, https:\/\/prva.hr\/wp-content\/uploads\/2023\/05\/20230427_165117-768x1365.jpg 768w\" data-sizes=\"(max-width: 576px) 100vw, 576px\" src=\"data:image\/svg+xml;base64,PHN2ZyB3aWR0aD0iMSIgaGVpZ2h0PSIxIiB4bWxucz0iaHR0cDovL3d3dy53My5vcmcvMjAwMC9zdmciPjwvc3ZnPg==\" style=\"--smush-placeholder-width: 576px; --smush-placeholder-aspect-ratio: 576\/1024;\" \/><\/p>\n","protected":false},"excerpt":{"rendered":"<p>NA 25. CARNetovoj korisni\u010dkoj konferenciji (CUC 2023) koja se odr\u017eavala od 25. do 28. travnja u Rovinju predstavljen je projekt DiZel. Projekt se bavi razvojem digitalnih i zelenih vje\u0161tina, a predstavile su ga profesorica Gordana Sekuli\u0107-\u0160tiv\u010devi\u0107 i ravnateljica Dunja Maru\u0161i\u0107 Brezeti\u0107.\u00a0 Na\u0161 projekt je dobio visoke ocjene stru\u010dne recenzije i uvr\u0161ten je u program CUC-a. [&hellip;]<\/p>\n","protected":false},"author":5,"featured_media":14362,"comment_status":"closed","ping_status":"closed","sticky":false,"template":"","format":"standard","meta":{"_et_pb_use_builder":"","_et_pb_old_content":"","_et_gb_content_width":"","footnotes":""},"categories":[70,6],"tags":[122],"class_list":["post-14360","post","type-post","status-publish","format-standard","has-post-thumbnail","hentry","category-aktivnosti-projekti-ostali-projekti","category-aktualna-dogadanja","tag-dizel-projekti"],"_links":{"self":[{"href":"https:\/\/prva.hr\/index.php\/wp-json\/wp\/v2\/posts\/14360","targetHints":{"allow":["GET"]}}],"collection":[{"href":"https:\/\/prva.hr\/index.php\/wp-json\/wp\/v2\/posts"}],"about":[{"href":"https:\/\/prva.hr\/index.php\/wp-json\/wp\/v2\/types\/post"}],"author":[{"embeddable":true,"href":"https:\/\/prva.hr\/index.php\/wp-json\/wp\/v2\/users\/5"}],"replies":[{"embeddable":true,"href":"https:\/\/prva.hr\/index.php\/wp-json\/wp\/v2\/comments?post=14360"}],"version-history":[{"count":2,"href":"https:\/\/prva.hr\/index.php\/wp-json\/wp\/v2\/posts\/14360\/revisions"}],"predecessor-version":[{"id":14364,"href":"https:\/\/prva.hr\/index.php\/wp-json\/wp\/v2\/posts\/14360\/revisions\/14364"}],"wp:featuredmedia":[{"embeddable":true,"href":"https:\/\/prva.hr\/index.php\/wp-json\/wp\/v2\/media\/14362"}],"wp:attachment":[{"href":"https:\/\/prva.hr\/index.php\/wp-json\/wp\/v2\/media?parent=14360"}],"wp:term":[{"taxonomy":"category","embeddable":true,"href":"https:\/\/prva.hr\/index.php\/wp-json\/wp\/v2\/categories?post=14360"},{"taxonomy":"post_tag","embeddable":true,"href":"https:\/\/prva.hr\/index.php\/wp-json\/wp\/v2\/tags?post=14360"}],"curies":[{"name":"wp","href":"https:\/\/api.w.org\/{rel}","templated":true}]}}