{"id":14372,"date":"2023-05-10T07:27:38","date_gmt":"2023-05-10T05:27:38","guid":{"rendered":"https:\/\/www.prva.hr\/?p=14372"},"modified":"2023-05-11T07:31:11","modified_gmt":"2023-05-11T05:31:11","slug":"drzavno-natjecanje-iz-likovne-umjetnosti","status":"publish","type":"post","link":"https:\/\/prva.hr\/index.php\/2023\/05\/10\/drzavno-natjecanje-iz-likovne-umjetnosti\/","title":{"rendered":"Dr\u017eavno natjecanje iz likovne umjetnosti"},"content":{"rendered":"<p style=\"font-weight: 400;\">Na\u0161a u\u010denica, Ela Lasi\u0107 (2. c) sudjelovala je na dr\u017eavnom natjecanju \u2013 Izlo\u017ebi likovnih radova LIK u Vinkovcima 26.-27.4.2023. Tema ovogodi\u0161njeg natjecanja bio je ples, \u0161to je na\u0161oj u\u010denici, maturantici plesne \u0161kole bilo posebno zanimljivo. Na dr\u017eavnoj razini trebalo je izraditi grafi\u010dki triptih inspiriran plesnim performansom. Ela je to sjajno realizirala i osvojila 4. mjesto na natjecanju!<\/p>\n<p style=\"font-weight: 400;\">\u010cestitke u\u010denici i mentorici prof. Maji Fer\u010dek!<\/p>\n<p>&nbsp;<\/p>\n<p style=\"font-weight: 400;\"><img decoding=\"async\" class=\"size-medium wp-image-14374 aligncenter lazyload\" data-src=\"https:\/\/www.prva.hr\/wp-content\/uploads\/2023\/05\/20230426_1911200-300x225.jpg\" alt=\"\" width=\"300\" height=\"225\" data-srcset=\"https:\/\/prva.hr\/wp-content\/uploads\/2023\/05\/20230426_1911200-300x225.jpg 300w, https:\/\/prva.hr\/wp-content\/uploads\/2023\/05\/20230426_1911200-768x576.jpg 768w, https:\/\/prva.hr\/wp-content\/uploads\/2023\/05\/20230426_1911200-1024x768.jpg 1024w, https:\/\/prva.hr\/wp-content\/uploads\/2023\/05\/20230426_1911200-400x300.jpg 400w\" data-sizes=\"(max-width: 300px) 100vw, 300px\" src=\"data:image\/svg+xml;base64,PHN2ZyB3aWR0aD0iMSIgaGVpZ2h0PSIxIiB4bWxucz0iaHR0cDovL3d3dy53My5vcmcvMjAwMC9zdmciPjwvc3ZnPg==\" style=\"--smush-placeholder-width: 300px; --smush-placeholder-aspect-ratio: 300\/225;\" \/><\/p>\n","protected":false},"excerpt":{"rendered":"<p>Na\u0161a u\u010denica, Ela Lasi\u0107 (2. c) sudjelovala je na dr\u017eavnom natjecanju \u2013 Izlo\u017ebi likovnih radova LIK u Vinkovcima 26.-27.4.2023. Tema ovogodi\u0161njeg natjecanja bio je ples, \u0161to je na\u0161oj u\u010denici, maturantici plesne \u0161kole bilo posebno zanimljivo. Na dr\u017eavnoj razini trebalo je izraditi grafi\u010dki triptih inspiriran plesnim performansom. Ela je to sjajno realizirala i osvojila 4. mjesto [&hellip;]<\/p>\n","protected":false},"author":7,"featured_media":14373,"comment_status":"closed","ping_status":"closed","sticky":false,"template":"","format":"standard","meta":{"_et_pb_use_builder":"","_et_pb_old_content":"","_et_gb_content_width":"","footnotes":""},"categories":[4,24],"tags":[],"class_list":["post-14372","post","type-post","status-publish","format-standard","has-post-thumbnail","hentry","category-najnovije-vijesti","category-predmetna-natjecanja"],"_links":{"self":[{"href":"https:\/\/prva.hr\/index.php\/wp-json\/wp\/v2\/posts\/14372","targetHints":{"allow":["GET"]}}],"collection":[{"href":"https:\/\/prva.hr\/index.php\/wp-json\/wp\/v2\/posts"}],"about":[{"href":"https:\/\/prva.hr\/index.php\/wp-json\/wp\/v2\/types\/post"}],"author":[{"embeddable":true,"href":"https:\/\/prva.hr\/index.php\/wp-json\/wp\/v2\/users\/7"}],"replies":[{"embeddable":true,"href":"https:\/\/prva.hr\/index.php\/wp-json\/wp\/v2\/comments?post=14372"}],"version-history":[{"count":1,"href":"https:\/\/prva.hr\/index.php\/wp-json\/wp\/v2\/posts\/14372\/revisions"}],"predecessor-version":[{"id":14375,"href":"https:\/\/prva.hr\/index.php\/wp-json\/wp\/v2\/posts\/14372\/revisions\/14375"}],"wp:featuredmedia":[{"embeddable":true,"href":"https:\/\/prva.hr\/index.php\/wp-json\/wp\/v2\/media\/14373"}],"wp:attachment":[{"href":"https:\/\/prva.hr\/index.php\/wp-json\/wp\/v2\/media?parent=14372"}],"wp:term":[{"taxonomy":"category","embeddable":true,"href":"https:\/\/prva.hr\/index.php\/wp-json\/wp\/v2\/categories?post=14372"},{"taxonomy":"post_tag","embeddable":true,"href":"https:\/\/prva.hr\/index.php\/wp-json\/wp\/v2\/tags?post=14372"}],"curies":[{"name":"wp","href":"https:\/\/api.w.org\/{rel}","templated":true}]}}