{"id":14394,"date":"2023-05-12T22:52:52","date_gmt":"2023-05-12T20:52:52","guid":{"rendered":"https:\/\/www.prva.hr\/?p=14394"},"modified":"2023-05-12T22:52:52","modified_gmt":"2023-05-12T20:52:52","slug":"drzavno-natjecanje-iz-vjeronauka-vjeronaucna-olimpijada","status":"publish","type":"post","link":"https:\/\/prva.hr\/index.php\/2023\/05\/12\/drzavno-natjecanje-iz-vjeronauka-vjeronaucna-olimpijada\/","title":{"rendered":"Dr\u017eavno natjecanje iz vjeronauka &#8211; vjeronau\u010dna olimpijada"},"content":{"rendered":"<div>Od 8. do 10.5. odr\u017eano je Dr\u017eavno natjecanje iz vjeronauka &#8211; vjeronau\u010dna olimpijada u Tuhlju! Na dr\u017eavno natjecanje plasirale su se na\u0161e u\u010denice: Marta Rimac (3.b), Marta Predrijevac (3.b), Tia Tur\u010din (3.d) i Karolina Julari\u0107 (3.e). U\u010denice su osvojile visoko 2. mjesto!<\/div>\n<div><\/div>\n<div>U\u010denicama i njihovoj mentorici Barbari Ka\u010dar \u010destitamo na ostvarenom rezultatu!<\/div>\n<div><\/div>\n<div><\/div>\n<div><\/div>\n<div><img decoding=\"async\" class=\"size-medium wp-image-14395 aligncenter lazyload\" data-src=\"https:\/\/www.prva.hr\/wp-content\/uploads\/2023\/05\/IMG-7625-300x225.jpg\" alt=\"\" width=\"300\" height=\"225\" data-srcset=\"https:\/\/prva.hr\/wp-content\/uploads\/2023\/05\/IMG-7625-300x225.jpg 300w, https:\/\/prva.hr\/wp-content\/uploads\/2023\/05\/IMG-7625-768x576.jpg 768w, https:\/\/prva.hr\/wp-content\/uploads\/2023\/05\/IMG-7625-1024x768.jpg 1024w, https:\/\/prva.hr\/wp-content\/uploads\/2023\/05\/IMG-7625-400x300.jpg 400w\" data-sizes=\"(max-width: 300px) 100vw, 300px\" src=\"data:image\/svg+xml;base64,PHN2ZyB3aWR0aD0iMSIgaGVpZ2h0PSIxIiB4bWxucz0iaHR0cDovL3d3dy53My5vcmcvMjAwMC9zdmciPjwvc3ZnPg==\" style=\"--smush-placeholder-width: 300px; --smush-placeholder-aspect-ratio: 300\/225;\" \/><\/div>\n<div><\/div>\n<div><img decoding=\"async\" class=\"size-medium wp-image-14396 aligncenter lazyload\" data-src=\"https:\/\/www.prva.hr\/wp-content\/uploads\/2023\/05\/b89b4be2-a5cf-4297-82f2-e4ec01d06fdd-300x224.jpg\" alt=\"\" width=\"300\" height=\"224\" data-srcset=\"https:\/\/prva.hr\/wp-content\/uploads\/2023\/05\/b89b4be2-a5cf-4297-82f2-e4ec01d06fdd-300x224.jpg 300w, https:\/\/prva.hr\/wp-content\/uploads\/2023\/05\/b89b4be2-a5cf-4297-82f2-e4ec01d06fdd-768x575.jpg 768w, https:\/\/prva.hr\/wp-content\/uploads\/2023\/05\/b89b4be2-a5cf-4297-82f2-e4ec01d06fdd-1024x766.jpg 1024w, https:\/\/prva.hr\/wp-content\/uploads\/2023\/05\/b89b4be2-a5cf-4297-82f2-e4ec01d06fdd-400x300.jpg 400w, https:\/\/prva.hr\/wp-content\/uploads\/2023\/05\/b89b4be2-a5cf-4297-82f2-e4ec01d06fdd.jpg 1600w\" data-sizes=\"(max-width: 300px) 100vw, 300px\" src=\"data:image\/svg+xml;base64,PHN2ZyB3aWR0aD0iMSIgaGVpZ2h0PSIxIiB4bWxucz0iaHR0cDovL3d3dy53My5vcmcvMjAwMC9zdmciPjwvc3ZnPg==\" style=\"--smush-placeholder-width: 300px; --smush-placeholder-aspect-ratio: 300\/224;\" \/><\/div>\n","protected":false},"excerpt":{"rendered":"<p>Od 8. do 10.5. odr\u017eano je Dr\u017eavno natjecanje iz vjeronauka &#8211; vjeronau\u010dna olimpijada u Tuhlju! Na dr\u017eavno natjecanje plasirale su se na\u0161e u\u010denice: Marta Rimac (3.b), Marta Predrijevac (3.b), Tia Tur\u010din (3.d) i Karolina Julari\u0107 (3.e). U\u010denice su osvojile visoko 2. mjesto! U\u010denicama i njihovoj mentorici Barbari Ka\u010dar \u010destitamo na ostvarenom rezultatu!<\/p>\n","protected":false},"author":7,"featured_media":14397,"comment_status":"closed","ping_status":"closed","sticky":false,"template":"","format":"standard","meta":{"_et_pb_use_builder":"","_et_pb_old_content":"","_et_gb_content_width":"","footnotes":""},"categories":[4,24],"tags":[],"class_list":["post-14394","post","type-post","status-publish","format-standard","has-post-thumbnail","hentry","category-najnovije-vijesti","category-predmetna-natjecanja"],"_links":{"self":[{"href":"https:\/\/prva.hr\/index.php\/wp-json\/wp\/v2\/posts\/14394","targetHints":{"allow":["GET"]}}],"collection":[{"href":"https:\/\/prva.hr\/index.php\/wp-json\/wp\/v2\/posts"}],"about":[{"href":"https:\/\/prva.hr\/index.php\/wp-json\/wp\/v2\/types\/post"}],"author":[{"embeddable":true,"href":"https:\/\/prva.hr\/index.php\/wp-json\/wp\/v2\/users\/7"}],"replies":[{"embeddable":true,"href":"https:\/\/prva.hr\/index.php\/wp-json\/wp\/v2\/comments?post=14394"}],"version-history":[{"count":1,"href":"https:\/\/prva.hr\/index.php\/wp-json\/wp\/v2\/posts\/14394\/revisions"}],"predecessor-version":[{"id":14398,"href":"https:\/\/prva.hr\/index.php\/wp-json\/wp\/v2\/posts\/14394\/revisions\/14398"}],"wp:featuredmedia":[{"embeddable":true,"href":"https:\/\/prva.hr\/index.php\/wp-json\/wp\/v2\/media\/14397"}],"wp:attachment":[{"href":"https:\/\/prva.hr\/index.php\/wp-json\/wp\/v2\/media?parent=14394"}],"wp:term":[{"taxonomy":"category","embeddable":true,"href":"https:\/\/prva.hr\/index.php\/wp-json\/wp\/v2\/categories?post=14394"},{"taxonomy":"post_tag","embeddable":true,"href":"https:\/\/prva.hr\/index.php\/wp-json\/wp\/v2\/tags?post=14394"}],"curies":[{"name":"wp","href":"https:\/\/api.w.org\/{rel}","templated":true}]}}