{"id":14404,"date":"2023-05-15T15:58:10","date_gmt":"2023-05-15T13:58:10","guid":{"rendered":"https:\/\/www.prva.hr\/?p=14404"},"modified":"2023-05-19T12:45:05","modified_gmt":"2023-05-19T10:45:05","slug":"bivsi-ucenici-prve-prezentirali-studij-fer-a-nasim-maturantima-icama","status":"publish","type":"post","link":"https:\/\/prva.hr\/index.php\/2023\/05\/15\/bivsi-ucenici-prve-prezentirali-studij-fer-a-nasim-maturantima-icama\/","title":{"rendered":"Biv\u0161i u\u010denici Prve prezentirali studij FER-a na\u0161im maturantima\/icama"},"content":{"rendered":"<p>U okviru \u0160kolskog programa profesionalnog informiranja i usmjeravanja, <strong>&nbsp;<\/strong>nastavili smo ciklus prezentiranja studijskih programa od strane na\u0161ih biv\u0161ih u\u010denika, sada profesora i studenata na pojedinim fakultetima za na\u0161e u\u010denike\/ice zavr\u0161nih razreda.<\/p>\n<p>Tako su u ponedjeljak&nbsp;<strong>15. svibnja 2023.&nbsp;<\/strong>biv\u0161i u\u010denici&nbsp;&nbsp;I. gimnazije odr\u017eali prezentaciju i podijelili svoje dojmove o predavanju (vi\u0161i asistent Filip Juki\u0107) i studiranju (studentice Magdalena Mandi\u0107 i Marta Le\u0161) na <strong>Fakultetu elektrotehnike i ra\u010dunarstva u Zagrebu.<\/strong><\/p>\n<p>Oko 25&nbsp; zainteresiranih&nbsp; na\u0161ih maturanata\/ica i u\u010denika\/ica&nbsp; tre\u0107ih razreda imali su priliku razgovarati sa studentima\/icama&nbsp; i profesorima FER-a&nbsp;&nbsp;i dobiti korisne informacije o studijskim programima, iskustvima s priprema za ispite dr\u017eavne mature, iskustva s ispita, mogu\u0107nosti zaposlenja i sl.<\/p>\n<p>Organizacija ovakvog doga\u0111anja prilika je da se&nbsp; potakne u\u010denike\/ice&nbsp; na aktivnu ulogu u istra\u017eivanju i identificiranju profesionalnih interesa i budu\u0107e karijere.<\/p>\n<p>&nbsp;<\/p>\n<p><img decoding=\"async\" class=\"alignnone wp-image-14408 lazyload\" data-src=\"https:\/\/www.prva.hr\/wp-content\/uploads\/2023\/05\/foto-fer2-300x173.jpg\" alt=\"\" width=\"409\" height=\"236\" data-srcset=\"https:\/\/prva.hr\/wp-content\/uploads\/2023\/05\/foto-fer2-300x173.jpg 300w, https:\/\/prva.hr\/wp-content\/uploads\/2023\/05\/foto-fer2-768x443.jpg 768w, https:\/\/prva.hr\/wp-content\/uploads\/2023\/05\/foto-fer2-1024x591.jpg 1024w, https:\/\/prva.hr\/wp-content\/uploads\/2023\/05\/foto-fer2-400x231.jpg 400w\" data-sizes=\"(max-width: 409px) 100vw, 409px\" src=\"data:image\/svg+xml;base64,PHN2ZyB3aWR0aD0iMSIgaGVpZ2h0PSIxIiB4bWxucz0iaHR0cDovL3d3dy53My5vcmcvMjAwMC9zdmciPjwvc3ZnPg==\" style=\"--smush-placeholder-width: 409px; --smush-placeholder-aspect-ratio: 409\/236;\" \/>&nbsp; &nbsp; &nbsp;&nbsp;<img decoding=\"async\" class=\"alignnone size-medium wp-image-14409 lazyload\" data-src=\"https:\/\/www.prva.hr\/wp-content\/uploads\/2023\/05\/foto-fer1-300x231.jpg\" alt=\"\" width=\"300\" height=\"231\" data-srcset=\"https:\/\/prva.hr\/wp-content\/uploads\/2023\/05\/foto-fer1-300x231.jpg 300w, https:\/\/prva.hr\/wp-content\/uploads\/2023\/05\/foto-fer1-768x591.jpg 768w, https:\/\/prva.hr\/wp-content\/uploads\/2023\/05\/foto-fer1-1024x788.jpg 1024w, https:\/\/prva.hr\/wp-content\/uploads\/2023\/05\/foto-fer1-390x300.jpg 390w\" data-sizes=\"(max-width: 300px) 100vw, 300px\" src=\"data:image\/svg+xml;base64,PHN2ZyB3aWR0aD0iMSIgaGVpZ2h0PSIxIiB4bWxucz0iaHR0cDovL3d3dy53My5vcmcvMjAwMC9zdmciPjwvc3ZnPg==\" style=\"--smush-placeholder-width: 300px; --smush-placeholder-aspect-ratio: 300\/231;\" \/><\/p>\n<p>Sl. Prezentacija studija FER-a za maturante\/ice Prve<\/p>\n","protected":false},"excerpt":{"rendered":"<p>U okviru \u0160kolskog programa profesionalnog informiranja i usmjeravanja, &nbsp;nastavili smo ciklus prezentiranja studijskih programa od strane na\u0161ih biv\u0161ih u\u010denika, sada profesora i studenata na pojedinim fakultetima za na\u0161e u\u010denike\/ice zavr\u0161nih razreda. Tako su u ponedjeljak&nbsp;15. svibnja 2023.&nbsp;biv\u0161i u\u010denici&nbsp;&nbsp;I. gimnazije odr\u017eali prezentaciju i podijelili svoje dojmove o predavanju (vi\u0161i asistent Filip Juki\u0107) i studiranju (studentice Magdalena [&hellip;]<\/p>\n","protected":false},"author":6,"featured_media":14407,"comment_status":"closed","ping_status":"closed","sticky":false,"template":"","format":"standard","meta":{"_et_pb_use_builder":"","_et_pb_old_content":"","_et_gb_content_width":"","footnotes":""},"categories":[5,6,51],"tags":[],"class_list":["post-14404","post","type-post","status-publish","format-standard","has-post-thumbnail","hentry","category-aktivnosti","category-aktualna-dogadanja","category-profesionalna-orijentacija"],"_links":{"self":[{"href":"https:\/\/prva.hr\/index.php\/wp-json\/wp\/v2\/posts\/14404","targetHints":{"allow":["GET"]}}],"collection":[{"href":"https:\/\/prva.hr\/index.php\/wp-json\/wp\/v2\/posts"}],"about":[{"href":"https:\/\/prva.hr\/index.php\/wp-json\/wp\/v2\/types\/post"}],"author":[{"embeddable":true,"href":"https:\/\/prva.hr\/index.php\/wp-json\/wp\/v2\/users\/6"}],"replies":[{"embeddable":true,"href":"https:\/\/prva.hr\/index.php\/wp-json\/wp\/v2\/comments?post=14404"}],"version-history":[{"count":6,"href":"https:\/\/prva.hr\/index.php\/wp-json\/wp\/v2\/posts\/14404\/revisions"}],"predecessor-version":[{"id":14516,"href":"https:\/\/prva.hr\/index.php\/wp-json\/wp\/v2\/posts\/14404\/revisions\/14516"}],"wp:featuredmedia":[{"embeddable":true,"href":"https:\/\/prva.hr\/index.php\/wp-json\/wp\/v2\/media\/14407"}],"wp:attachment":[{"href":"https:\/\/prva.hr\/index.php\/wp-json\/wp\/v2\/media?parent=14404"}],"wp:term":[{"taxonomy":"category","embeddable":true,"href":"https:\/\/prva.hr\/index.php\/wp-json\/wp\/v2\/categories?post=14404"},{"taxonomy":"post_tag","embeddable":true,"href":"https:\/\/prva.hr\/index.php\/wp-json\/wp\/v2\/tags?post=14404"}],"curies":[{"name":"wp","href":"https:\/\/api.w.org\/{rel}","templated":true}]}}