{"id":14412,"date":"2023-05-15T17:47:23","date_gmt":"2023-05-15T15:47:23","guid":{"rendered":"https:\/\/www.prva.hr\/?p=14412"},"modified":"2023-05-15T17:47:23","modified_gmt":"2023-05-15T15:47:23","slug":"sudjelovanje-i-gimnazije-na-manifestaciji-dojdi-osmas-zagreb-te-zove","status":"publish","type":"post","link":"https:\/\/prva.hr\/index.php\/2023\/05\/15\/sudjelovanje-i-gimnazije-na-manifestaciji-dojdi-osmas-zagreb-te-zove\/","title":{"rendered":"Sudjelovanje I. gimnazije na manifestaciji Dojdi osma\u0161, Zagreb te zove!"},"content":{"rendered":"<p>I. gimnazija tradicionalno sudjeluje u manifestaciji <em>Dojdi osma\u0161, Zagreb te zove!<\/em>. Ove godine manifestacija se odr\u017eala u petak, 12. svibnja od 10 do 16 sati. Stru\u010dne suradnice \u0161kole, troje nastavnika i nekoliko u\u010denica 2. c i 4. e bili su zadu\u017eeni za pru\u017eanje svih informacija budu\u0107im srednjo\u0161kolcima. Najvi\u0161e interesa bilo je za prirodoslovnomatema\u010dki smjer koji \u0107e ove godine, na radost u\u010denika i roditelja, upisivati u\u010denike za dva razredna odjela. Sudjelovanje na manifestaciji je samo jedna od nekoliko aktivnosti u sklopu projekta \u0161kole <em>Budu\u0107i u\u010denici Prve.\u00a0<\/em>Slijede nam odlasci u osnovne \u0161kole gdje nastavnici uz biv\u0161e u\u010denike tih \u0161kola, a sada u\u010denike I. gimnazije, predstavljaju rad \u0161kole, razne projekte i programe koji se provode kao i va\u017ene informacije za upis u\u010denika u I. razred. Nakon toga, kao zavr\u0161na aktivnost projekta bit \u0107e <em>Otvoreni dan<\/em> \u0161kole koji \u0107e se odr\u017eati 3. lipnja od 10 sati u prostorima \u0161kole.<\/p>\n<p>&nbsp;<\/p>\n<p><img decoding=\"async\" class=\"size-medium wp-image-14414 aligncenter lazyload\" data-src=\"https:\/\/www.prva.hr\/wp-content\/uploads\/2023\/05\/1684165111312-300x169.jpg\" alt=\"\" width=\"300\" height=\"169\" data-srcset=\"https:\/\/prva.hr\/wp-content\/uploads\/2023\/05\/1684165111312-300x169.jpg 300w, https:\/\/prva.hr\/wp-content\/uploads\/2023\/05\/1684165111312-768x432.jpg 768w, https:\/\/prva.hr\/wp-content\/uploads\/2023\/05\/1684165111312-1024x576.jpg 1024w, https:\/\/prva.hr\/wp-content\/uploads\/2023\/05\/1684165111312-400x225.jpg 400w\" data-sizes=\"(max-width: 300px) 100vw, 300px\" src=\"data:image\/svg+xml;base64,PHN2ZyB3aWR0aD0iMSIgaGVpZ2h0PSIxIiB4bWxucz0iaHR0cDovL3d3dy53My5vcmcvMjAwMC9zdmciPjwvc3ZnPg==\" style=\"--smush-placeholder-width: 300px; --smush-placeholder-aspect-ratio: 300\/169;\" \/><\/p>\n<p><img decoding=\"async\" class=\"size-medium wp-image-14415 aligncenter lazyload\" data-src=\"https:\/\/www.prva.hr\/wp-content\/uploads\/2023\/05\/1684165097239-300x169.jpg\" alt=\"\" width=\"300\" height=\"169\" data-srcset=\"https:\/\/prva.hr\/wp-content\/uploads\/2023\/05\/1684165097239-300x169.jpg 300w, https:\/\/prva.hr\/wp-content\/uploads\/2023\/05\/1684165097239-768x432.jpg 768w, https:\/\/prva.hr\/wp-content\/uploads\/2023\/05\/1684165097239-1024x576.jpg 1024w, https:\/\/prva.hr\/wp-content\/uploads\/2023\/05\/1684165097239-400x225.jpg 400w\" data-sizes=\"(max-width: 300px) 100vw, 300px\" src=\"data:image\/svg+xml;base64,PHN2ZyB3aWR0aD0iMSIgaGVpZ2h0PSIxIiB4bWxucz0iaHR0cDovL3d3dy53My5vcmcvMjAwMC9zdmciPjwvc3ZnPg==\" style=\"--smush-placeholder-width: 300px; --smush-placeholder-aspect-ratio: 300\/169;\" \/><\/p>\n<p><img decoding=\"async\" class=\"size-medium wp-image-14416 aligncenter lazyload\" data-src=\"https:\/\/www.prva.hr\/wp-content\/uploads\/2023\/05\/1684165074000-300x169.jpg\" alt=\"\" width=\"300\" height=\"169\" data-srcset=\"https:\/\/prva.hr\/wp-content\/uploads\/2023\/05\/1684165074000-300x169.jpg 300w, https:\/\/prva.hr\/wp-content\/uploads\/2023\/05\/1684165074000-768x432.jpg 768w, https:\/\/prva.hr\/wp-content\/uploads\/2023\/05\/1684165074000-1024x576.jpg 1024w, https:\/\/prva.hr\/wp-content\/uploads\/2023\/05\/1684165074000-400x225.jpg 400w\" data-sizes=\"(max-width: 300px) 100vw, 300px\" src=\"data:image\/svg+xml;base64,PHN2ZyB3aWR0aD0iMSIgaGVpZ2h0PSIxIiB4bWxucz0iaHR0cDovL3d3dy53My5vcmcvMjAwMC9zdmciPjwvc3ZnPg==\" style=\"--smush-placeholder-width: 300px; --smush-placeholder-aspect-ratio: 300\/169;\" \/><\/p>\n","protected":false},"excerpt":{"rendered":"<p>I. gimnazija tradicionalno sudjeluje u manifestaciji Dojdi osma\u0161, Zagreb te zove!. Ove godine manifestacija se odr\u017eala u petak, 12. svibnja od 10 do 16 sati. Stru\u010dne suradnice \u0161kole, troje nastavnika i nekoliko u\u010denica 2. c i 4. e bili su zadu\u017eeni za pru\u017eanje svih informacija budu\u0107im srednjo\u0161kolcima. Najvi\u0161e interesa bilo je za prirodoslovnomatema\u010dki smjer koji [&hellip;]<\/p>\n","protected":false},"author":7,"featured_media":14413,"comment_status":"closed","ping_status":"closed","sticky":false,"template":"","format":"standard","meta":{"_et_pb_use_builder":"","_et_pb_old_content":"","_et_gb_content_width":"","footnotes":""},"categories":[70,6],"tags":[],"class_list":["post-14412","post","type-post","status-publish","format-standard","has-post-thumbnail","hentry","category-aktivnosti-projekti-ostali-projekti","category-aktualna-dogadanja"],"_links":{"self":[{"href":"https:\/\/prva.hr\/index.php\/wp-json\/wp\/v2\/posts\/14412","targetHints":{"allow":["GET"]}}],"collection":[{"href":"https:\/\/prva.hr\/index.php\/wp-json\/wp\/v2\/posts"}],"about":[{"href":"https:\/\/prva.hr\/index.php\/wp-json\/wp\/v2\/types\/post"}],"author":[{"embeddable":true,"href":"https:\/\/prva.hr\/index.php\/wp-json\/wp\/v2\/users\/7"}],"replies":[{"embeddable":true,"href":"https:\/\/prva.hr\/index.php\/wp-json\/wp\/v2\/comments?post=14412"}],"version-history":[{"count":1,"href":"https:\/\/prva.hr\/index.php\/wp-json\/wp\/v2\/posts\/14412\/revisions"}],"predecessor-version":[{"id":14417,"href":"https:\/\/prva.hr\/index.php\/wp-json\/wp\/v2\/posts\/14412\/revisions\/14417"}],"wp:featuredmedia":[{"embeddable":true,"href":"https:\/\/prva.hr\/index.php\/wp-json\/wp\/v2\/media\/14413"}],"wp:attachment":[{"href":"https:\/\/prva.hr\/index.php\/wp-json\/wp\/v2\/media?parent=14412"}],"wp:term":[{"taxonomy":"category","embeddable":true,"href":"https:\/\/prva.hr\/index.php\/wp-json\/wp\/v2\/categories?post=14412"},{"taxonomy":"post_tag","embeddable":true,"href":"https:\/\/prva.hr\/index.php\/wp-json\/wp\/v2\/tags?post=14412"}],"curies":[{"name":"wp","href":"https:\/\/api.w.org\/{rel}","templated":true}]}}