{"id":14608,"date":"2023-06-02T14:05:58","date_gmt":"2023-06-02T12:05:58","guid":{"rendered":"https:\/\/www.prva.hr\/?p=14608"},"modified":"2023-06-02T14:08:32","modified_gmt":"2023-06-02T12:08:32","slug":"nagrada-grada-zagreba","status":"publish","type":"post","link":"https:\/\/prva.hr\/index.php\/2023\/06\/02\/nagrada-grada-zagreba\/","title":{"rendered":"Nagrada Grada Zagreba"},"content":{"rendered":"\n<p>Za ro\u0111endan Grada Zagreba, 31. 5. 2023. dodijeljene su i Nagrade Grada Zagreba, a jedna od njih i na\u0161oj \u0161koli. Drago nam je da je prepoznat trud koji ula\u017eemo u odgojno-obrazovni proces, a posebno solidarnost koju smo iskazali prema \u0161kolama pogo\u0111enim potresom.<\/p>\n\n\n\n<p><\/p>\n\n\n\n<p><\/p>\n\n\n\n<figure class=\"wp-block-image aligncenter size-large is-resized\"><img decoding=\"async\" data-src=\"https:\/\/www.prva.hr\/wp-content\/uploads\/2023\/06\/1685706901311-1024x688.jpg\" alt=\"\" class=\"wp-image-14609 lazyload\" width=\"513\" height=\"344\" data-srcset=\"https:\/\/prva.hr\/wp-content\/uploads\/2023\/06\/1685706901311-1024x688.jpg 1024w, https:\/\/prva.hr\/wp-content\/uploads\/2023\/06\/1685706901311-300x202.jpg 300w, https:\/\/prva.hr\/wp-content\/uploads\/2023\/06\/1685706901311-768x516.jpg 768w, https:\/\/prva.hr\/wp-content\/uploads\/2023\/06\/1685706901311-400x269.jpg 400w, https:\/\/prva.hr\/wp-content\/uploads\/2023\/06\/1685706901311.jpg 1080w\" data-sizes=\"(max-width: 513px) 100vw, 513px\" src=\"data:image\/svg+xml;base64,PHN2ZyB3aWR0aD0iMSIgaGVpZ2h0PSIxIiB4bWxucz0iaHR0cDovL3d3dy53My5vcmcvMjAwMC9zdmciPjwvc3ZnPg==\" style=\"--smush-placeholder-width: 513px; --smush-placeholder-aspect-ratio: 513\/344;\" \/><\/figure>\n\n\n\n<p><\/p>\n\n\n\n<figure class=\"wp-block-image aligncenter size-large is-resized\"><img decoding=\"async\" data-src=\"https:\/\/www.prva.hr\/wp-content\/uploads\/2023\/06\/1685706901249-766x1024.jpg\" alt=\"\" class=\"wp-image-14612 lazyload\" width=\"327\" height=\"437\" data-srcset=\"https:\/\/prva.hr\/wp-content\/uploads\/2023\/06\/1685706901249-766x1024.jpg 766w, https:\/\/prva.hr\/wp-content\/uploads\/2023\/06\/1685706901249-224x300.jpg 224w, https:\/\/prva.hr\/wp-content\/uploads\/2023\/06\/1685706901249-768x1027.jpg 768w, https:\/\/prva.hr\/wp-content\/uploads\/2023\/06\/1685706901249-1149x1536.jpg 1149w, https:\/\/prva.hr\/wp-content\/uploads\/2023\/06\/1685706901249.jpg 1197w\" data-sizes=\"(max-width: 327px) 100vw, 327px\" src=\"data:image\/svg+xml;base64,PHN2ZyB3aWR0aD0iMSIgaGVpZ2h0PSIxIiB4bWxucz0iaHR0cDovL3d3dy53My5vcmcvMjAwMC9zdmciPjwvc3ZnPg==\" style=\"--smush-placeholder-width: 327px; --smush-placeholder-aspect-ratio: 327\/437;\" \/><\/figure>\n\n\n\n<p><\/p>\n\n\n\n<figure class=\"wp-block-image aligncenter size-large is-resized\"><img decoding=\"async\" data-src=\"https:\/\/www.prva.hr\/wp-content\/uploads\/2023\/06\/1685706901283-766x1024.jpg\" alt=\"\" class=\"wp-image-14610 lazyload\" width=\"323\" height=\"433\" data-srcset=\"https:\/\/prva.hr\/wp-content\/uploads\/2023\/06\/1685706901283-766x1024.jpg 766w, https:\/\/prva.hr\/wp-content\/uploads\/2023\/06\/1685706901283-224x300.jpg 224w, https:\/\/prva.hr\/wp-content\/uploads\/2023\/06\/1685706901283-768x1027.jpg 768w, https:\/\/prva.hr\/wp-content\/uploads\/2023\/06\/1685706901283-1149x1536.jpg 1149w, https:\/\/prva.hr\/wp-content\/uploads\/2023\/06\/1685706901283.jpg 1197w\" data-sizes=\"(max-width: 323px) 100vw, 323px\" src=\"data:image\/svg+xml;base64,PHN2ZyB3aWR0aD0iMSIgaGVpZ2h0PSIxIiB4bWxucz0iaHR0cDovL3d3dy53My5vcmcvMjAwMC9zdmciPjwvc3ZnPg==\" style=\"--smush-placeholder-width: 323px; --smush-placeholder-aspect-ratio: 323\/433;\" \/><\/figure>\n","protected":false},"excerpt":{"rendered":"<p>Za ro\u0111endan Grada Zagreba, 31. 5. 2023. dodijeljene su i Nagrade Grada Zagreba, a jedna od njih i na\u0161oj \u0161koli. Drago nam je da je prepoznat trud koji ula\u017eemo u odgojno-obrazovni proces, a posebno solidarnost koju smo iskazali prema \u0161kolama pogo\u0111enim potresom.<\/p>\n","protected":false},"author":7,"featured_media":14611,"comment_status":"closed","ping_status":"0","sticky":false,"template":"","format":"standard","meta":{"_et_pb_use_builder":"","_et_pb_old_content":"","_et_gb_content_width":"","footnotes":""},"categories":[4,32],"tags":[],"class_list":["post-14608","post","type-post","status-publish","format-standard","has-post-thumbnail","hentry","category-najnovije-vijesti","category-o-skoli-nagrade-i-priznanja"],"_links":{"self":[{"href":"https:\/\/prva.hr\/index.php\/wp-json\/wp\/v2\/posts\/14608","targetHints":{"allow":["GET"]}}],"collection":[{"href":"https:\/\/prva.hr\/index.php\/wp-json\/wp\/v2\/posts"}],"about":[{"href":"https:\/\/prva.hr\/index.php\/wp-json\/wp\/v2\/types\/post"}],"author":[{"embeddable":true,"href":"https:\/\/prva.hr\/index.php\/wp-json\/wp\/v2\/users\/7"}],"replies":[{"embeddable":true,"href":"https:\/\/prva.hr\/index.php\/wp-json\/wp\/v2\/comments?post=14608"}],"version-history":[{"count":3,"href":"https:\/\/prva.hr\/index.php\/wp-json\/wp\/v2\/posts\/14608\/revisions"}],"predecessor-version":[{"id":14615,"href":"https:\/\/prva.hr\/index.php\/wp-json\/wp\/v2\/posts\/14608\/revisions\/14615"}],"wp:featuredmedia":[{"embeddable":true,"href":"https:\/\/prva.hr\/index.php\/wp-json\/wp\/v2\/media\/14611"}],"wp:attachment":[{"href":"https:\/\/prva.hr\/index.php\/wp-json\/wp\/v2\/media?parent=14608"}],"wp:term":[{"taxonomy":"category","embeddable":true,"href":"https:\/\/prva.hr\/index.php\/wp-json\/wp\/v2\/categories?post=14608"},{"taxonomy":"post_tag","embeddable":true,"href":"https:\/\/prva.hr\/index.php\/wp-json\/wp\/v2\/tags?post=14608"}],"curies":[{"name":"wp","href":"https:\/\/api.w.org\/{rel}","templated":true}]}}