{"id":14624,"date":"2023-06-06T12:31:13","date_gmt":"2023-06-06T10:31:13","guid":{"rendered":"https:\/\/www.prva.hr\/?p=14624"},"modified":"2023-06-08T20:21:49","modified_gmt":"2023-06-08T18:21:49","slug":"20-smotra-ucenickih-zadruga-grada-zagreba","status":"publish","type":"post","link":"https:\/\/prva.hr\/index.php\/2023\/06\/06\/20-smotra-ucenickih-zadruga-grada-zagreba\/","title":{"rendered":"20. smotra u\u010deni\u010dkih zadruga Grada Zagreba"},"content":{"rendered":"\n<p>U petak 2.lipnja 2023. na Zrinjevcu odr\u017eana je 20. smotra UZ Grada Zagreba. Na smotri je sudjelovalo 37 Uz zadruga iz osnovnih i srednjih \u0161kola, centara za odgoj i u\u010deni\u010dkih domova. Na\u0161a zadruga Iz Prve ruke jedina je zadruga \u010diji su \u010dlanovi gimnazijalci. Na smotri smo predstavili radove sekcije Kreativci i Ra\u010dunalni dizajn. Glavni proizvod zadruge na ovoj smotri bio je kuki\u010dani cvijet koji se mo\u017ee koristiti kao ukras ili aplicirati na torbe. Iako je dan bio dug i iscrpljuju\u0107i na smotri smo stekli nova poznanstva i dobili ideje za daljnji rad.<\/p>\n\n\n\n<p>Zadrugu Iz Prve ruke predstavljale su Lucija Kova\u010devi\u0107, Tamara Marti\u0107 i Anja Krstini\u0107 iz 1.c te njihova mentorica Gordana Sekuli\u0107-\u0160tiv\u010devi\u0107.<\/p>\n\n\n\n<div class=\"wp-block-cover\"><span aria-hidden=\"true\" class=\"wp-block-cover__background has-background-dim\"><\/span><img decoding=\"async\" width=\"1024\" height=\"576\" class=\"wp-block-cover__image-background wp-image-14677 lazyload\" alt=\"\" data-src=\"https:\/\/www.prva.hr\/wp-content\/uploads\/2023\/06\/20230602_131053-1024x576.jpg\" data-object-fit=\"cover\" data-srcset=\"https:\/\/prva.hr\/wp-content\/uploads\/2023\/06\/20230602_131053-1024x576.jpg 1024w, https:\/\/prva.hr\/wp-content\/uploads\/2023\/06\/20230602_131053-300x169.jpg 300w, https:\/\/prva.hr\/wp-content\/uploads\/2023\/06\/20230602_131053-768x432.jpg 768w, https:\/\/prva.hr\/wp-content\/uploads\/2023\/06\/20230602_131053-1536x864.jpg 1536w, https:\/\/prva.hr\/wp-content\/uploads\/2023\/06\/20230602_131053-2048x1153.jpg 2048w, https:\/\/prva.hr\/wp-content\/uploads\/2023\/06\/20230602_131053-400x225.jpg 400w\" data-sizes=\"(max-width: 1024px) 100vw, 1024px\" src=\"data:image\/svg+xml;base64,PHN2ZyB3aWR0aD0iMSIgaGVpZ2h0PSIxIiB4bWxucz0iaHR0cDovL3d3dy53My5vcmcvMjAwMC9zdmciPjwvc3ZnPg==\" style=\"--smush-placeholder-width: 1024px; --smush-placeholder-aspect-ratio: 1024\/576;\" \/><div class=\"wp-block-cover__inner-container is-layout-flow wp-block-cover-is-layout-flow\">\n<p class=\"has-text-align-center has-large-font-size\"><\/p>\n<\/div><\/div>\n\n\n\n<figure class=\"wp-block-image size-large\"><img decoding=\"async\" width=\"1024\" height=\"576\" data-src=\"https:\/\/www.prva.hr\/wp-content\/uploads\/2023\/06\/20230602_101313-1024x576.jpg\" alt=\"\" class=\"wp-image-14678 lazyload\" data-srcset=\"https:\/\/prva.hr\/wp-content\/uploads\/2023\/06\/20230602_101313-1024x576.jpg 1024w, https:\/\/prva.hr\/wp-content\/uploads\/2023\/06\/20230602_101313-300x169.jpg 300w, https:\/\/prva.hr\/wp-content\/uploads\/2023\/06\/20230602_101313-768x432.jpg 768w, https:\/\/prva.hr\/wp-content\/uploads\/2023\/06\/20230602_101313-1536x864.jpg 1536w, https:\/\/prva.hr\/wp-content\/uploads\/2023\/06\/20230602_101313-2048x1153.jpg 2048w, https:\/\/prva.hr\/wp-content\/uploads\/2023\/06\/20230602_101313-400x225.jpg 400w\" data-sizes=\"(max-width: 1024px) 100vw, 1024px\" src=\"data:image\/svg+xml;base64,PHN2ZyB3aWR0aD0iMSIgaGVpZ2h0PSIxIiB4bWxucz0iaHR0cDovL3d3dy53My5vcmcvMjAwMC9zdmciPjwvc3ZnPg==\" style=\"--smush-placeholder-width: 1024px; --smush-placeholder-aspect-ratio: 1024\/576;\" \/><\/figure>\n\n\n\n<figure class=\"wp-block-image size-large\"><img decoding=\"async\" width=\"1024\" height=\"576\" data-src=\"https:\/\/www.prva.hr\/wp-content\/uploads\/2023\/06\/20230602_122750-1024x576.jpg\" alt=\"\" class=\"wp-image-14679 lazyload\" data-srcset=\"https:\/\/prva.hr\/wp-content\/uploads\/2023\/06\/20230602_122750-1024x576.jpg 1024w, https:\/\/prva.hr\/wp-content\/uploads\/2023\/06\/20230602_122750-300x169.jpg 300w, https:\/\/prva.hr\/wp-content\/uploads\/2023\/06\/20230602_122750-768x432.jpg 768w, https:\/\/prva.hr\/wp-content\/uploads\/2023\/06\/20230602_122750-1536x864.jpg 1536w, https:\/\/prva.hr\/wp-content\/uploads\/2023\/06\/20230602_122750-2048x1153.jpg 2048w, https:\/\/prva.hr\/wp-content\/uploads\/2023\/06\/20230602_122750-400x225.jpg 400w\" data-sizes=\"(max-width: 1024px) 100vw, 1024px\" src=\"data:image\/svg+xml;base64,PHN2ZyB3aWR0aD0iMSIgaGVpZ2h0PSIxIiB4bWxucz0iaHR0cDovL3d3dy53My5vcmcvMjAwMC9zdmciPjwvc3ZnPg==\" style=\"--smush-placeholder-width: 1024px; --smush-placeholder-aspect-ratio: 1024\/576;\" \/><\/figure>\n\n\n\n<figure class=\"wp-block-image size-large\"><img decoding=\"async\" width=\"576\" height=\"1024\" data-src=\"https:\/\/www.prva.hr\/wp-content\/uploads\/2023\/06\/20230602_122814-576x1024.jpg\" alt=\"\" class=\"wp-image-14680 lazyload\" data-srcset=\"https:\/\/prva.hr\/wp-content\/uploads\/2023\/06\/20230602_122814-576x1024.jpg 576w, https:\/\/prva.hr\/wp-content\/uploads\/2023\/06\/20230602_122814-169x300.jpg 169w, https:\/\/prva.hr\/wp-content\/uploads\/2023\/06\/20230602_122814-768x1365.jpg 768w, https:\/\/prva.hr\/wp-content\/uploads\/2023\/06\/20230602_122814-864x1536.jpg 864w, https:\/\/prva.hr\/wp-content\/uploads\/2023\/06\/20230602_122814-1153x2048.jpg 1153w, https:\/\/prva.hr\/wp-content\/uploads\/2023\/06\/20230602_122814-scaled.jpg 1441w\" data-sizes=\"(max-width: 576px) 100vw, 576px\" src=\"data:image\/svg+xml;base64,PHN2ZyB3aWR0aD0iMSIgaGVpZ2h0PSIxIiB4bWxucz0iaHR0cDovL3d3dy53My5vcmcvMjAwMC9zdmciPjwvc3ZnPg==\" style=\"--smush-placeholder-width: 576px; --smush-placeholder-aspect-ratio: 576\/1024;\" \/><\/figure>\n","protected":false},"excerpt":{"rendered":"<p>U petak 2.lipnja 2023. na Zrinjevcu odr\u017eana je 20. smotra UZ Grada Zagreba. Na smotri je sudjelovalo 37 Uz zadruga iz osnovnih i srednjih \u0161kola, centara za odgoj i u\u010deni\u010dkih domova. Na\u0161a zadruga Iz Prve ruke jedina je zadruga \u010diji su \u010dlanovi gimnazijalci. Na smotri smo predstavili radove sekcije Kreativci i Ra\u010dunalni dizajn. Glavni proizvod [&hellip;]<\/p>\n","protected":false},"author":5,"featured_media":0,"comment_status":"closed","ping_status":"closed","sticky":false,"template":"","format":"standard","meta":{"_et_pb_use_builder":"","_et_pb_old_content":"","_et_gb_content_width":"","footnotes":""},"categories":[84,6,4,1],"tags":[126,101],"class_list":["post-14624","post","type-post","status-publish","format-standard","hentry","category-aktivnosti-izvannastavne-aktivnosti-zadruga","category-aktualna-dogadanja","category-najnovije-vijesti","category-nekategorizirano","tag-smotra","tag-zadruga"],"_links":{"self":[{"href":"https:\/\/prva.hr\/index.php\/wp-json\/wp\/v2\/posts\/14624","targetHints":{"allow":["GET"]}}],"collection":[{"href":"https:\/\/prva.hr\/index.php\/wp-json\/wp\/v2\/posts"}],"about":[{"href":"https:\/\/prva.hr\/index.php\/wp-json\/wp\/v2\/types\/post"}],"author":[{"embeddable":true,"href":"https:\/\/prva.hr\/index.php\/wp-json\/wp\/v2\/users\/5"}],"replies":[{"embeddable":true,"href":"https:\/\/prva.hr\/index.php\/wp-json\/wp\/v2\/comments?post=14624"}],"version-history":[{"count":7,"href":"https:\/\/prva.hr\/index.php\/wp-json\/wp\/v2\/posts\/14624\/revisions"}],"predecessor-version":[{"id":14739,"href":"https:\/\/prva.hr\/index.php\/wp-json\/wp\/v2\/posts\/14624\/revisions\/14739"}],"wp:attachment":[{"href":"https:\/\/prva.hr\/index.php\/wp-json\/wp\/v2\/media?parent=14624"}],"wp:term":[{"taxonomy":"category","embeddable":true,"href":"https:\/\/prva.hr\/index.php\/wp-json\/wp\/v2\/categories?post=14624"},{"taxonomy":"post_tag","embeddable":true,"href":"https:\/\/prva.hr\/index.php\/wp-json\/wp\/v2\/tags?post=14624"}],"curies":[{"name":"wp","href":"https:\/\/api.w.org\/{rel}","templated":true}]}}