{"id":14669,"date":"2023-06-05T19:26:58","date_gmt":"2023-06-05T17:26:58","guid":{"rendered":"https:\/\/www.prva.hr\/?p=14669"},"modified":"2023-06-05T19:27:02","modified_gmt":"2023-06-05T17:27:02","slug":"upisi-u-1-razred-sk-god-2023-2024","status":"publish","type":"post","link":"https:\/\/prva.hr\/index.php\/2023\/06\/05\/upisi-u-1-razred-sk-god-2023-2024\/","title":{"rendered":"Upisi u 1. razred &#8211; \u0161k. god. 2023.\/2024."},"content":{"rendered":"\n<p><a href=\"https:\/\/www.prva.hr\/index.php\/2023\/06\/05\/odluka-o-upisu-ucenika-u-i-razred-srednje-skole-u-skolskoj-godini-2023-2024\/\">Odluka o upisu u\u010denika u I. razred srednje \u0161kole u \u0161kolskoj godini 2023.\/2024.<\/a><\/p>\n\n\n\n<p><a href=\"https:\/\/www.prva.hr\/index.php\/2023\/06\/05\/natjecaj-za-upis-u-i-razred-srednje-skole-za-skolsku-godinu-2023-2024\/\">Natje\u010daj za upis u I. razred srednje \u0161kole za \u0161kolsku godinu 2023.\/2024.<\/a><\/p>\n\n\n\n<p><a href=\"https:\/\/www.prva.hr\/wp-content\/uploads\/2023\/06\/Prezentacija-skole-2023.pdf\" data-type=\"URL\" data-id=\"https:\/\/www.prva.hr\/wp-content\/uploads\/2023\/06\/Prezentacija-skole-2023.pdf\" target=\"_blank\" rel=\"noreferrer noopener\">Prezentacija \u0161kole<\/a><\/p>\n\n\n\n<p><\/p>\n","protected":false},"excerpt":{"rendered":"<p>Odluka o upisu u\u010denika u I. razred srednje \u0161kole u \u0161kolskoj godini 2023.\/2024. Natje\u010daj za upis u I. razred srednje \u0161kole za \u0161kolsku godinu 2023.\/2024. Prezentacija \u0161kole<\/p>\n","protected":false},"author":7,"featured_media":0,"comment_status":"closed","ping_status":"0","sticky":false,"template":"","format":"standard","meta":{"_et_pb_use_builder":"","_et_pb_old_content":"","_et_gb_content_width":"","footnotes":""},"categories":[4],"tags":[],"class_list":["post-14669","post","type-post","status-publish","format-standard","hentry","category-najnovije-vijesti"],"_links":{"self":[{"href":"https:\/\/prva.hr\/index.php\/wp-json\/wp\/v2\/posts\/14669","targetHints":{"allow":["GET"]}}],"collection":[{"href":"https:\/\/prva.hr\/index.php\/wp-json\/wp\/v2\/posts"}],"about":[{"href":"https:\/\/prva.hr\/index.php\/wp-json\/wp\/v2\/types\/post"}],"author":[{"embeddable":true,"href":"https:\/\/prva.hr\/index.php\/wp-json\/wp\/v2\/users\/7"}],"replies":[{"embeddable":true,"href":"https:\/\/prva.hr\/index.php\/wp-json\/wp\/v2\/comments?post=14669"}],"version-history":[{"count":1,"href":"https:\/\/prva.hr\/index.php\/wp-json\/wp\/v2\/posts\/14669\/revisions"}],"predecessor-version":[{"id":14671,"href":"https:\/\/prva.hr\/index.php\/wp-json\/wp\/v2\/posts\/14669\/revisions\/14671"}],"wp:attachment":[{"href":"https:\/\/prva.hr\/index.php\/wp-json\/wp\/v2\/media?parent=14669"}],"wp:term":[{"taxonomy":"category","embeddable":true,"href":"https:\/\/prva.hr\/index.php\/wp-json\/wp\/v2\/categories?post=14669"},{"taxonomy":"post_tag","embeddable":true,"href":"https:\/\/prva.hr\/index.php\/wp-json\/wp\/v2\/tags?post=14669"}],"curies":[{"name":"wp","href":"https:\/\/api.w.org\/{rel}","templated":true}]}}