{"id":14697,"date":"2023-06-07T18:05:06","date_gmt":"2023-06-07T16:05:06","guid":{"rendered":"https:\/\/www.prva.hr\/?p=14697"},"modified":"2023-06-07T18:05:43","modified_gmt":"2023-06-07T16:05:43","slug":"postignuca-nasih-ucenika-u-podrucju-fizike","status":"publish","type":"post","link":"https:\/\/prva.hr\/index.php\/2023\/06\/07\/postignuca-nasih-ucenika-u-podrucju-fizike\/","title":{"rendered":"Postignu\u0107a na\u0161ih u\u010denika u podru\u010dju fizike"},"content":{"rendered":"\n<p><strong>Dr\u017eavno natjecanje iz fizike-Podgora<\/strong><\/p>\n\n\n\n<p>Dr\u017eavno natjecanje iz fizike odr\u017eano je od 8.5. do 11.5.2023. u Podgori. Na Dr\u017eavno natjecanje plasirala su se dva na\u0161a u\u010denika: Filip Vu\u010di\u0107 (4.F) i Luka Kalac (4.B).&nbsp;<\/p>\n\n\n\n<p>U konkurenciji od 21 natjecatelja,u\u010denik Filip Vu\u010di\u0107 osvojio je 7. mjesto.&nbsp;<\/p>\n\n\n\n<p>Mentorica u\u010denicima je prof. Ivana Bo\u017ei\u010dkovi\u0107 Peri\u010di\u0107. U pauzi od natjecanja posjetili smo i Malakolo\u0161ki muzej u Makarskoj te se dobro i zabavili.<\/p>\n\n\n\n<figure class=\"wp-block-image aligncenter size-large is-resized\"><img decoding=\"async\" data-src=\"https:\/\/www.prva.hr\/wp-content\/uploads\/2023\/06\/fizika1-1-1024x768.jpg\" alt=\"\" class=\"wp-image-14707 lazyload\" width=\"292\" height=\"219\" data-srcset=\"https:\/\/prva.hr\/wp-content\/uploads\/2023\/06\/fizika1-1-1024x768.jpg 1024w, https:\/\/prva.hr\/wp-content\/uploads\/2023\/06\/fizika1-1-300x225.jpg 300w, https:\/\/prva.hr\/wp-content\/uploads\/2023\/06\/fizika1-1-768x576.jpg 768w, https:\/\/prva.hr\/wp-content\/uploads\/2023\/06\/fizika1-1-1536x1152.jpg 1536w, https:\/\/prva.hr\/wp-content\/uploads\/2023\/06\/fizika1-1-2048x1536.jpg 2048w, https:\/\/prva.hr\/wp-content\/uploads\/2023\/06\/fizika1-1-400x300.jpg 400w\" data-sizes=\"(max-width: 292px) 100vw, 292px\" src=\"data:image\/svg+xml;base64,PHN2ZyB3aWR0aD0iMSIgaGVpZ2h0PSIxIiB4bWxucz0iaHR0cDovL3d3dy53My5vcmcvMjAwMC9zdmciPjwvc3ZnPg==\" style=\"--smush-placeholder-width: 292px; --smush-placeholder-aspect-ratio: 292\/219;\" \/><\/figure>\n\n\n\n<p><\/p>\n\n\n\n<figure class=\"wp-block-image aligncenter size-large is-resized\"><img decoding=\"async\" data-src=\"https:\/\/www.prva.hr\/wp-content\/uploads\/2023\/06\/fizika2-1-1024x768.jpg\" alt=\"\" class=\"wp-image-14708 lazyload\" width=\"292\" height=\"219\" data-srcset=\"https:\/\/prva.hr\/wp-content\/uploads\/2023\/06\/fizika2-1-1024x768.jpg 1024w, https:\/\/prva.hr\/wp-content\/uploads\/2023\/06\/fizika2-1-300x225.jpg 300w, https:\/\/prva.hr\/wp-content\/uploads\/2023\/06\/fizika2-1-768x576.jpg 768w, https:\/\/prva.hr\/wp-content\/uploads\/2023\/06\/fizika2-1-1536x1152.jpg 1536w, https:\/\/prva.hr\/wp-content\/uploads\/2023\/06\/fizika2-1-2048x1536.jpg 2048w, https:\/\/prva.hr\/wp-content\/uploads\/2023\/06\/fizika2-1-400x300.jpg 400w\" data-sizes=\"(max-width: 292px) 100vw, 292px\" src=\"data:image\/svg+xml;base64,PHN2ZyB3aWR0aD0iMSIgaGVpZ2h0PSIxIiB4bWxucz0iaHR0cDovL3d3dy53My5vcmcvMjAwMC9zdmciPjwvc3ZnPg==\" style=\"--smush-placeholder-width: 292px; --smush-placeholder-aspect-ratio: 292\/219;\" \/><\/figure>\n\n\n\n<p><\/p>\n\n\n\n<p><strong>Atom liga-ekipno natjecanje iz fizike, matematike i kemije<\/strong><\/p>\n\n\n\n<p>Dana 4.4.2023. (utorak) u na\u0161oj \u0161koli odr\u017eano je 2. kolo natjecanja AToM liga.&nbsp;<\/p>\n\n\n\n<p>AToM liga ekipno je natjecanje u\u010denika osnovnih i srednjih \u0161kola u znanju matematike, fizike i kemije. Na natjecanje se prijavljuju \u0161kole koje to \u017eele iz cijele Hrvatske. Svaka ekipa sastavljena je od 3 \u010dlana koji moraju u 75 minuta rije\u0161iti ukupno 28 zadataka.<\/p>\n\n\n\n<p>U 2. kolu natjecanju su sudjelovali:&nbsp;<\/p>\n\n\n\n<p>1.razred &#8211;&nbsp; Lana Poturica (1.b), Ida Valpoti\u0107 (1.b), Laura Vugrinovi\u0107 (1.b)<\/p>\n\n\n\n<p>4. razred &#8211; Luka Kalac (4.b), Ivan Marfat (4.f), Filip Vu\u010di\u0107 (4.f)<\/p>\n\n\n\n<p>Nakon 2. kola kona\u010dni rezultati su sljede\u0107i:&nbsp;<\/p>\n\n\n\n<p>Ekipa 1. razred &#8211; 9. mjesto od 81 prijavljenih \u0161kola<\/p>\n\n\n\n<p>Ekipa 4. razred &#8211; 2. mjesto od 34 prijavljenih \u0161kola\u00a0<\/p>\n\n\n\n<figure class=\"wp-block-image aligncenter size-large is-resized\"><img decoding=\"async\" data-src=\"https:\/\/www.prva.hr\/wp-content\/uploads\/2023\/06\/fizika3-1-1024x768.jpg\" alt=\"\" class=\"wp-image-14709 lazyload\" width=\"292\" height=\"219\" data-srcset=\"https:\/\/prva.hr\/wp-content\/uploads\/2023\/06\/fizika3-1-1024x768.jpg 1024w, https:\/\/prva.hr\/wp-content\/uploads\/2023\/06\/fizika3-1-300x225.jpg 300w, https:\/\/prva.hr\/wp-content\/uploads\/2023\/06\/fizika3-1-768x576.jpg 768w, https:\/\/prva.hr\/wp-content\/uploads\/2023\/06\/fizika3-1-1536x1152.jpg 1536w, https:\/\/prva.hr\/wp-content\/uploads\/2023\/06\/fizika3-1-2048x1536.jpg 2048w, https:\/\/prva.hr\/wp-content\/uploads\/2023\/06\/fizika3-1-400x300.jpg 400w\" data-sizes=\"(max-width: 292px) 100vw, 292px\" src=\"data:image\/svg+xml;base64,PHN2ZyB3aWR0aD0iMSIgaGVpZ2h0PSIxIiB4bWxucz0iaHR0cDovL3d3dy53My5vcmcvMjAwMC9zdmciPjwvc3ZnPg==\" style=\"--smush-placeholder-width: 292px; --smush-placeholder-aspect-ratio: 292\/219;\" \/><\/figure>\n\n\n\n<p><\/p>\n\n\n\n<figure class=\"wp-block-image aligncenter size-large is-resized\"><img decoding=\"async\" data-src=\"https:\/\/www.prva.hr\/wp-content\/uploads\/2023\/06\/fizika4-1-768x1024.jpg\" alt=\"\" class=\"wp-image-14710 lazyload\" width=\"244\" height=\"325\" data-srcset=\"https:\/\/prva.hr\/wp-content\/uploads\/2023\/06\/fizika4-1-768x1024.jpg 768w, https:\/\/prva.hr\/wp-content\/uploads\/2023\/06\/fizika4-1-225x300.jpg 225w, https:\/\/prva.hr\/wp-content\/uploads\/2023\/06\/fizika4-1-1152x1536.jpg 1152w, https:\/\/prva.hr\/wp-content\/uploads\/2023\/06\/fizika4-1-1536x2048.jpg 1536w, https:\/\/prva.hr\/wp-content\/uploads\/2023\/06\/fizika4-1-scaled.jpg 1920w\" data-sizes=\"(max-width: 244px) 100vw, 244px\" src=\"data:image\/svg+xml;base64,PHN2ZyB3aWR0aD0iMSIgaGVpZ2h0PSIxIiB4bWxucz0iaHR0cDovL3d3dy53My5vcmcvMjAwMC9zdmciPjwvc3ZnPg==\" style=\"--smush-placeholder-width: 244px; --smush-placeholder-aspect-ratio: 244\/325;\" \/><\/figure>\n\n\n\n<p><\/p>\n\n\n\n<figure class=\"wp-block-image aligncenter size-large is-resized\"><img decoding=\"async\" data-src=\"https:\/\/www.prva.hr\/wp-content\/uploads\/2023\/06\/fizika5-1-725x1024.jpg\" alt=\"\" class=\"wp-image-14711 lazyload\" width=\"268\" height=\"379\" data-srcset=\"https:\/\/prva.hr\/wp-content\/uploads\/2023\/06\/fizika5-1-725x1024.jpg 725w, https:\/\/prva.hr\/wp-content\/uploads\/2023\/06\/fizika5-1-212x300.jpg 212w, https:\/\/prva.hr\/wp-content\/uploads\/2023\/06\/fizika5-1-768x1085.jpg 768w, https:\/\/prva.hr\/wp-content\/uploads\/2023\/06\/fizika5-1-1087x1536.jpg 1087w, https:\/\/prva.hr\/wp-content\/uploads\/2023\/06\/fizika5-1.jpg 1241w\" data-sizes=\"(max-width: 268px) 100vw, 268px\" src=\"data:image\/svg+xml;base64,PHN2ZyB3aWR0aD0iMSIgaGVpZ2h0PSIxIiB4bWxucz0iaHR0cDovL3d3dy53My5vcmcvMjAwMC9zdmciPjwvc3ZnPg==\" style=\"--smush-placeholder-width: 268px; --smush-placeholder-aspect-ratio: 268\/379;\" \/><\/figure>\n\n\n\n<p><\/p>\n\n\n\n<p><\/p>\n\n\n\n<p><strong>20. Turnir mladih fizi\u010dara-Luka Kalac (4.B)<\/strong><\/p>\n\n\n\n<p>Na\u0161 u\u010denik Luka Kalac (4.b) u prosincu 2022. godine sudjelovao je na 20. Turniru mladih fizi\u010dara. Luka se pripremao u praktikumu metodike fizike na Fizi\u010dkom odsjeku PMF-a te rje\u0161avanjem problema rotiraju\u0107e sfere u magnetskom polju ostvario 5. mjesto na Hrvatskom turniru mladih fizi\u010dara. Na takav na\u010din Luka se plasirao\u00a0 u hrvatsku reprezentaciju za Me\u0111unarodni turnir mladih fizi\u010dara 2023., koji \u0107e se odr\u017eati u Pakistanu.\u00a0\u00a0<\/p>\n\n\n\n<figure class=\"wp-block-image aligncenter size-large is-resized\"><img decoding=\"async\" data-src=\"https:\/\/www.prva.hr\/wp-content\/uploads\/2023\/06\/fizika6-1-768x1024.jpg\" alt=\"\" class=\"wp-image-14712 lazyload\" width=\"238\" height=\"318\" data-srcset=\"https:\/\/prva.hr\/wp-content\/uploads\/2023\/06\/fizika6-1-768x1024.jpg 768w, https:\/\/prva.hr\/wp-content\/uploads\/2023\/06\/fizika6-1-225x300.jpg 225w, https:\/\/prva.hr\/wp-content\/uploads\/2023\/06\/fizika6-1-1152x1536.jpg 1152w, https:\/\/prva.hr\/wp-content\/uploads\/2023\/06\/fizika6-1-1536x2048.jpg 1536w, https:\/\/prva.hr\/wp-content\/uploads\/2023\/06\/fizika6-1-scaled.jpg 1920w\" data-sizes=\"(max-width: 238px) 100vw, 238px\" src=\"data:image\/svg+xml;base64,PHN2ZyB3aWR0aD0iMSIgaGVpZ2h0PSIxIiB4bWxucz0iaHR0cDovL3d3dy53My5vcmcvMjAwMC9zdmciPjwvc3ZnPg==\" style=\"--smush-placeholder-width: 238px; --smush-placeholder-aspect-ratio: 238\/318;\" \/><\/figure>\n\n\n\n<p><\/p>\n\n\n\n<figure class=\"wp-block-image aligncenter size-large is-resized\"><img decoding=\"async\" data-src=\"https:\/\/www.prva.hr\/wp-content\/uploads\/2023\/06\/fizika7-1-768x1024.jpg\" alt=\"\" class=\"wp-image-14713 lazyload\" width=\"249\" height=\"332\" data-srcset=\"https:\/\/prva.hr\/wp-content\/uploads\/2023\/06\/fizika7-1-768x1024.jpg 768w, https:\/\/prva.hr\/wp-content\/uploads\/2023\/06\/fizika7-1-225x300.jpg 225w, https:\/\/prva.hr\/wp-content\/uploads\/2023\/06\/fizika7-1-1152x1536.jpg 1152w, https:\/\/prva.hr\/wp-content\/uploads\/2023\/06\/fizika7-1-1536x2048.jpg 1536w, https:\/\/prva.hr\/wp-content\/uploads\/2023\/06\/fizika7-1-scaled.jpg 1920w\" data-sizes=\"(max-width: 249px) 100vw, 249px\" src=\"data:image\/svg+xml;base64,PHN2ZyB3aWR0aD0iMSIgaGVpZ2h0PSIxIiB4bWxucz0iaHR0cDovL3d3dy53My5vcmcvMjAwMC9zdmciPjwvc3ZnPg==\" style=\"--smush-placeholder-width: 249px; --smush-placeholder-aspect-ratio: 249\/332;\" \/><\/figure>\n\n\n\n<p><\/p>\n\n\n\n<figure class=\"wp-block-image aligncenter size-large is-resized\"><img decoding=\"async\" data-src=\"https:\/\/www.prva.hr\/wp-content\/uploads\/2023\/06\/fizika8-1-768x1024.jpg\" alt=\"\" class=\"wp-image-14714 lazyload\" width=\"251\" height=\"335\" data-srcset=\"https:\/\/prva.hr\/wp-content\/uploads\/2023\/06\/fizika8-1-768x1024.jpg 768w, https:\/\/prva.hr\/wp-content\/uploads\/2023\/06\/fizika8-1-225x300.jpg 225w, https:\/\/prva.hr\/wp-content\/uploads\/2023\/06\/fizika8-1-1152x1536.jpg 1152w, https:\/\/prva.hr\/wp-content\/uploads\/2023\/06\/fizika8-1-1536x2048.jpg 1536w, https:\/\/prva.hr\/wp-content\/uploads\/2023\/06\/fizika8-1-scaled.jpg 1920w\" data-sizes=\"(max-width: 251px) 100vw, 251px\" src=\"data:image\/svg+xml;base64,PHN2ZyB3aWR0aD0iMSIgaGVpZ2h0PSIxIiB4bWxucz0iaHR0cDovL3d3dy53My5vcmcvMjAwMC9zdmciPjwvc3ZnPg==\" style=\"--smush-placeholder-width: 251px; --smush-placeholder-aspect-ratio: 251\/335;\" \/><\/figure>\n","protected":false},"excerpt":{"rendered":"<p>Dr\u017eavno natjecanje iz fizike-Podgora Dr\u017eavno natjecanje iz fizike odr\u017eano je od 8.5. do 11.5.2023. u Podgori. Na Dr\u017eavno natjecanje plasirala su se dva na\u0161a u\u010denika: Filip Vu\u010di\u0107 (4.F) i Luka Kalac (4.B).&nbsp; U konkurenciji od 21 natjecatelja,u\u010denik Filip Vu\u010di\u0107 osvojio je 7. mjesto.&nbsp; Mentorica u\u010denicima je prof. Ivana Bo\u017ei\u010dkovi\u0107 Peri\u010di\u0107. U pauzi od natjecanja posjetili [&hellip;]<\/p>\n","protected":false},"author":7,"featured_media":0,"comment_status":"closed","ping_status":"0","sticky":false,"template":"","format":"standard","meta":{"_et_pb_use_builder":"","_et_pb_old_content":"","_et_gb_content_width":"","footnotes":""},"categories":[12,4],"tags":[],"class_list":["post-14697","post","type-post","status-publish","format-standard","hentry","category-osvrti","category-najnovije-vijesti"],"_links":{"self":[{"href":"https:\/\/prva.hr\/index.php\/wp-json\/wp\/v2\/posts\/14697","targetHints":{"allow":["GET"]}}],"collection":[{"href":"https:\/\/prva.hr\/index.php\/wp-json\/wp\/v2\/posts"}],"about":[{"href":"https:\/\/prva.hr\/index.php\/wp-json\/wp\/v2\/types\/post"}],"author":[{"embeddable":true,"href":"https:\/\/prva.hr\/index.php\/wp-json\/wp\/v2\/users\/7"}],"replies":[{"embeddable":true,"href":"https:\/\/prva.hr\/index.php\/wp-json\/wp\/v2\/comments?post=14697"}],"version-history":[{"count":2,"href":"https:\/\/prva.hr\/index.php\/wp-json\/wp\/v2\/posts\/14697\/revisions"}],"predecessor-version":[{"id":14716,"href":"https:\/\/prva.hr\/index.php\/wp-json\/wp\/v2\/posts\/14697\/revisions\/14716"}],"wp:attachment":[{"href":"https:\/\/prva.hr\/index.php\/wp-json\/wp\/v2\/media?parent=14697"}],"wp:term":[{"taxonomy":"category","embeddable":true,"href":"https:\/\/prva.hr\/index.php\/wp-json\/wp\/v2\/categories?post=14697"},{"taxonomy":"post_tag","embeddable":true,"href":"https:\/\/prva.hr\/index.php\/wp-json\/wp\/v2\/tags?post=14697"}],"curies":[{"name":"wp","href":"https:\/\/api.w.org\/{rel}","templated":true}]}}