{"id":14777,"date":"2023-06-15T14:36:38","date_gmt":"2023-06-15T12:36:38","guid":{"rendered":"https:\/\/www.prva.hr\/?p=14777"},"modified":"2023-06-21T15:31:17","modified_gmt":"2023-06-21T13:31:17","slug":"primopredaja-udzbenika-lipanj-2023-vazno","status":"publish","type":"post","link":"https:\/\/prva.hr\/index.php\/2023\/06\/15\/primopredaja-udzbenika-lipanj-2023-vazno\/","title":{"rendered":"PROMJENA PROSTORIJE  &#8211;                   Primopredaja ud\u017ebenika, 21. lipanj 2023. &#8211; VA\u017dNO!"},"content":{"rendered":"\n<p><\/p>\n\n\n\n<p>Dragi u\u010denici, drage u\u010denice, <\/p>\n\n\n\n<p>dragi roditelji\/skrbnici,<\/p>\n\n\n\n<p>U nastavku su upute za povrat i preuzimanje ud\u017ebenika. Lijepo molim da se dr\u017eite rasporeda i da ne vra\u0107ate ud\u017ebenike kada nije va\u0161 termin ili ranije. Ukoliko ste sprije\u010deni predati ud\u017ebenike u navedenom terminu, dogovorite s razrednikom da ud\u017ebenike predate njemu.<\/p>\n\n\n\n<p><strong>\u010cetvrti razredi&nbsp;<\/strong>\u0107e ud\u017ebenike vratiti&nbsp;u <strong>srijedu,<\/strong> <strong>28. lipnja poslije 12 sati<\/strong>, nakon mature iz matematike.<\/p>\n\n\n\n<p>Isti dan \u0107e <strong>tre\u0107i razredi<\/strong> preuzeti ud\u017ebenike<strong>.&nbsp;<\/strong>Detaljan raspored \u0107e biti naknadno objavljen.<\/p>\n\n\n\n<p>________________________________________________________________________________________________________________<\/p>\n\n\n\n<p class=\"has-vivid-red-color has-text-color\"><strong>Prvi razredi vra\u0107aju i preuzimaju ud\u017ebenike u utorak, 20. lipnja, prije nastave.<\/strong><\/p>\n\n\n\n<p class=\"has-vivid-red-color has-text-color\"><strong>Drugi razredi vra\u0107aju ud\u017ebenike u<\/strong> <strong>utorak,<\/strong><strong> 20. lipnja, prije nastave, a preuzimaju u srijedu, 21. lipnja, prije nastave.<\/strong><\/p>\n\n\n\n<p class=\"has-vivid-red-color has-text-color\"><strong>Tre\u0107i razredi vra\u0107aju ud\u017ebenike u srijedu, 21. lipnja, prije nastave. <\/strong><strong><\/strong><\/p>\n\n\n\n<p><strong>U nastavku su detalji primopredaje.<\/strong><\/p>\n\n\n\n<p>________________________________________________________________________________________________________________<\/p>\n\n\n\n<p class=\"has-vivid-purple-color has-text-color\"><strong>Tre\u0107i razredi <\/strong><strong>vra\u0107aju ud\u017ebenike u srijedu, 21. lipnja, u staklenoj u\u010dionici (vjeronauk).<\/strong><\/p>\n\n\n\n<ol class=\"wp-block-list\" type=\"1\">\n<li>Popis ud\u017ebenika za povrat mo\u017eete vidjeti na poveznicama:&nbsp;<span style=\"text-decoration: underline;\">&nbsp;<a rel=\"noreferrer noopener\" href=\"https:\/\/www.prva.hr\/wp-content\/uploads\/2022\/06\/NOVO-3.-R.-UDZBENICI-ZA-POVRAT-OG.docx\" target=\"_blank\"><strong>&nbsp;3. R.- UDZBENICI ZA POVRAT \u2013 OG<\/strong><\/a>&nbsp;i&nbsp;<a rel=\"noreferrer noopener\" href=\"https:\/\/www.prva.hr\/wp-content\/uploads\/2022\/06\/NOVO-3.-R.-UDZBENICI-ZA-POVRAT-PM.docx\" target=\"_blank\"><strong>&nbsp;3. R.- UDZBENICI ZA POVRAT \u2013 PM<\/strong><\/a><\/span><\/li>\n\n\n\n<li>Radne bilje\u017enice i ud\u017ebenici stranih jezika se<strong><u>&nbsp;ne vra\u0107aju, ali se ni ne bacaju, jer \u0107e vam trebati sljede\u0107e godine.<\/u><\/strong><\/li>\n\n\n\n<li>Ud\u017ebenike koje vra\u0107ate donesite u plasti\u010dnoj vre\u0107ici, ubacite papir s va\u0161im podatcima u vre\u0107icu (ime, prezime, razred) i tako \u0107ete ih ostaviti.<\/li>\n\n\n\n<li>De\u017eurni nastavnik \u0107e utvrditi jeste li vratili sve.<\/li>\n\n\n\n<li>Ud\u017ebenici ostaju u vre\u0107icama na klupama, a vi u miru napu\u0161tate prostoriju.<\/li>\n\n\n\n<li><strong>Ud\u017ebenike za sljede\u0107u godinu \u0107ete dobiti<\/strong>&nbsp;<strong>u srijedu,<\/strong> <strong>28.<\/strong>&nbsp;<strong>lipnja, poslije 12 sati.<\/strong>&nbsp;Detaljan raspored \u0107e biti naknadno objavljen.<\/li>\n<\/ol>\n\n\n\n<div class=\"wp-block-group is-layout-constrained wp-block-group-is-layout-constrained\">\n<figure class=\"wp-block-table is-style-stripes\"><table class=\"has-black-color has-text-color has-background has-fixed-layout\" style=\"background:linear-gradient(135deg,rgb(238,238,238) 0%,rgb(169,184,195) 41%)\"><tbody><tr><td class=\"has-text-align-center\" data-align=\"center\" colspan=\"2\"><strong>&nbsp; Tre\u0107i razredi <br>VANJSKA U\u010cIONICA <br>Srijeda, 21. lipnja 2023. &nbsp;<\/strong><\/td><\/tr><tr><td class=\"has-text-align-center\" data-align=\"center\"><strong>Razred<\/strong><\/td><td class=\"has-text-align-center\" data-align=\"center\">Termin<\/td><\/tr><tr><td class=\"has-text-align-center\" data-align=\"center\"><strong>3. A<\/strong><\/td><td class=\"has-text-align-center\" data-align=\"center\"><strong>12:45<\/strong><\/td><\/tr><tr><td class=\"has-text-align-center\" data-align=\"center\"><strong>3. B<\/strong><\/td><td class=\"has-text-align-center\" data-align=\"center\"><strong>13:00<\/strong><\/td><\/tr><tr><td class=\"has-text-align-center\" data-align=\"center\"><strong>3. C<\/strong><\/td><td class=\"has-text-align-center\" data-align=\"center\"><strong>13:15<\/strong><\/td><\/tr><tr><td class=\"has-text-align-center\" data-align=\"center\"><strong>3. D<\/strong><\/td><td class=\"has-text-align-center\" data-align=\"center\"><strong>13:30<\/strong><\/td><\/tr><tr><td class=\"has-text-align-center\" data-align=\"center\"><strong>3. E<\/strong><\/td><td class=\"has-text-align-center\" data-align=\"center\"><strong>13:45<\/strong><\/td><\/tr><\/tbody><\/table><\/figure>\n<\/div>\n\n\n\n<p>________________________________________________________________________________________________________________<\/p>\n\n\n\n<p class=\"has-vivid-red-color has-text-color\"><strong>Drugi razredi<\/strong>&nbsp;vra\u0107aju ud\u017ebenike <strong>u utorak, 20. lipnja<\/strong>, u vanjskoj u\u010dionici, a ud\u017ebenike za tre\u0107i razred preuzimaju u <strong>srijedu, 21. lipnja<\/strong> u staklenoj u\u010dionici (vjeronauk).<\/p>\n\n\n\n<ol class=\"wp-block-list\" type=\"1\">\n<li>Popis ud\u017ebenika za povrat mo\u017eete vidjeti na poveznicama:<span style=\"text-decoration: underline;\">&nbsp;<a rel=\"noreferrer noopener\" href=\"https:\/\/www.prva.hr\/wp-content\/uploads\/2022\/06\/NOVO-2.-R.-UDZBENICI-ZA-POVRAT-OG.docx\" target=\"_blank\"><strong>2. R.- UDZBENICI ZA POVRAT \u2013 OG<\/strong><\/a><strong><u>&nbsp;<\/u><\/strong>i&nbsp;<a rel=\"noreferrer noopener\" href=\"https:\/\/www.prva.hr\/wp-content\/uploads\/2022\/06\/NOVO-2.-R.-UDZBENICI-ZA-POVRAT-PM.docx\" target=\"_blank\"><strong>2. R.- UDZBENICI ZA POVRAT \u2013 PM<\/strong><\/a><strong><u>.<\/u><\/strong><\/span><\/li>\n\n\n\n<li>Radne bilje\u017enice i ud\u017ebenici stranih jezika se&nbsp;<strong><u>ne vra\u0107aju, ali se ni ne bacaju, jer \u0107e vam trebati sljede\u0107e godine.<\/u><\/strong><\/li>\n\n\n\n<li>Ud\u017ebenike koje vra\u0107ate donesite u plasti\u010dnoj vre\u0107ici, ubacite papir s podatcima u vre\u0107icu (ime, prezime, razred) i tako \u0107ete ih ostaviti.<\/li>\n\n\n\n<li>De\u017eurni nastavnik \u0107e utvrditi jeste li vratili sve.<\/li>\n\n\n\n<li>Ud\u017ebenike vra\u0107ate i preuzimate prema sljede\u0107em rasporedu:<\/li>\n<\/ol>\n\n\n\n<div class=\"wp-block-group is-layout-constrained wp-block-group-is-layout-constrained\">\n<div class=\"wp-block-columns is-layout-flex wp-container-core-columns-is-layout-9d6595d7 wp-block-columns-is-layout-flex\">\n<div class=\"wp-block-column is-layout-flow wp-block-column-is-layout-flow\" style=\"flex-basis:100%\">\n<figure class=\"wp-block-table is-style-stripes\"><table class=\"has-vivid-red-color has-text-color has-background has-fixed-layout\" style=\"background:linear-gradient(250deg,rgb(202,248,128) 100%,rgb(113,206,126) 100%)\"><tbody><tr><td class=\"has-text-align-center\" data-align=\"center\" colspan=\"3\"><strong>Drugi razredi<\/strong><\/td><\/tr><tr><td class=\"has-text-align-center\" data-align=\"center\"><strong>&nbsp;<\/strong> <strong>Razred<\/strong><\/td><td class=\"has-text-align-center\" data-align=\"center\"><strong>Povrat ud\u017ebenika <\/strong><br><strong>Utorak, 20.6.2023. <\/strong><br><strong>(vanjska u\u010dionica)<\/strong><\/td><td class=\"has-text-align-center\" data-align=\"center\"><strong>Preuzimanje <\/strong><br><strong>Srijeda, 21.6.2023. &nbsp;<\/strong><br><strong>(VANJSKA U\u010cIONICA)<\/strong><\/td><\/tr><tr><td class=\"has-text-align-center\" data-align=\"center\"><strong>2. A<\/strong><\/td><td class=\"has-text-align-center\" data-align=\"center\"><strong>12:45<\/strong><\/td><td class=\"has-text-align-center\" data-align=\"center\"><strong>12:55<\/strong><\/td><\/tr><tr><td class=\"has-text-align-center\" data-align=\"center\"><strong>2. B<\/strong><\/td><td class=\"has-text-align-center\" data-align=\"center\"><strong>13.00<\/strong><\/td><td class=\"has-text-align-center\" data-align=\"center\"><strong>13:10<\/strong><\/td><\/tr><tr><td class=\"has-text-align-center\" data-align=\"center\"><strong>2. C<\/strong><\/td><td class=\"has-text-align-center\" data-align=\"center\"><strong>13:15<\/strong><\/td><td class=\"has-text-align-center\" data-align=\"center\"><strong>13:25<\/strong><\/td><\/tr><tr><td class=\"has-text-align-center\" data-align=\"center\"><strong>2. D<\/strong><\/td><td class=\"has-text-align-center\" data-align=\"center\"><strong>13:30<\/strong><\/td><td class=\"has-text-align-center\" data-align=\"center\"><strong>13:40<\/strong><\/td><\/tr><tr><td class=\"has-text-align-center\" data-align=\"center\"><strong>2. E<\/strong><\/td><td class=\"has-text-align-center\" data-align=\"center\"><strong>13.45<\/strong><\/td><td class=\"has-text-align-center\" data-align=\"center\"><strong>13:55<\/strong><\/td><\/tr><\/tbody><\/table><\/figure>\n<\/div>\n<\/div>\n<\/div>\n\n\n\n<p>________________________________________________________________________________________________________________<\/p>\n\n\n\n<p class=\"has-vivid-cyan-blue-color has-text-color\"><strong>Prvi razredi&nbsp;<\/strong>vra\u0107aju <strong>u utorak,<\/strong> <strong>20. lipnja<\/strong> u <strong>staklenoj prostoriji<\/strong> kod sprema\u010dica i preuzimaju isti dan, <strong>u utorak,<\/strong> <strong>20.6.2023.<\/strong> u <strong>vanjskoj prostoriji<\/strong>. &nbsp;<\/p>\n\n\n\n<ol class=\"wp-block-list\" type=\"1\">\n<li>Popis ud\u017ebenika za&nbsp;mo\u017eete vidjeti na poveznicama:<strong><u>&nbsp;<\/u><\/strong><span style=\"text-decoration: underline;\"><a href=\"https:\/\/www.prva.hr\/wp-content\/uploads\/2022\/06\/NOVO-1.-R.-UDZBENICI-ZA-POVRAT-OG.docx\"><strong>&nbsp;1. R.- UDZBENICI ZA POVRAT \u2013 OG<\/strong><\/a>&nbsp;i&nbsp;<a href=\"https:\/\/www.prva.hr\/wp-content\/uploads\/2022\/06\/NOVO-1.-R.-UDZBENICI-ZA-POVRAT-PM.docx\"><strong>1. R.- UDZBENICI ZA POVRAT \u2013 PM<\/strong><\/a><strong><u>.<\/u><\/strong><\/span><\/li>\n\n\n\n<li>Radne bilje\u017enice i ud\u017ebenici stranih jezika se&nbsp;<strong><u>ne vra\u0107aju, ali se ni ne bacaju, jer \u0107e vam trebati sljede\u0107e godine.<\/u><\/strong><\/li>\n\n\n\n<li>Ud\u017ebenike koje vra\u0107ate donesite u plasti\u010dnoj vre\u0107ici, ubacite papir s podatcima u vre\u0107icu (ime, prezime, razred) i tako \u0107ete ih ostaviti.<\/li>\n\n\n\n<li>De\u017eurni nastavnik \u0107e utvrditi jeste li vratili sve.<\/li>\n\n\n\n<li>Ud\u017ebenike vra\u0107ate i preuzimate prema sljede\u0107em rasporedu:<\/li>\n<\/ol>\n\n\n\n<figure class=\"wp-block-table is-style-stripes\"><table class=\"has-vivid-cyan-blue-color has-text-color has-background has-fixed-layout\" style=\"background:linear-gradient(135deg,rgb(252,185,0) 97%,rgb(255,105,0) 100%)\"><tbody><tr><td class=\"has-text-align-center\" data-align=\"center\" colspan=\"3\"><strong>Prvi razredi<\/strong><\/td><\/tr><tr><td class=\"has-text-align-center\" data-align=\"center\"><strong>&nbsp;<\/strong> <strong>Razred<\/strong><\/td><td class=\"has-text-align-center\" data-align=\"center\"><strong>Povrat ud\u017ebenika <br>Utorak, 20.6.2023. &nbsp;<br>(staklena \u2013 kod sprema\u010dica)<\/strong><\/td><td class=\"has-text-align-center\" data-align=\"center\"><strong>Preuzimanje ud\u017ebenika <br>Utorak, 20.6.2023. <br>(vanjska u\u010dionica)<\/strong><\/td><\/tr><tr><td class=\"has-text-align-center\" data-align=\"center\"><strong>1.A<\/strong><\/td><td class=\"has-text-align-center\" data-align=\"center\"><strong>12:45<\/strong><\/td><td class=\"has-text-align-center\" data-align=\"center\"><strong>12:55<\/strong><\/td><\/tr><tr><td class=\"has-text-align-center\" data-align=\"center\"><strong>1.B<\/strong><\/td><td class=\"has-text-align-center\" data-align=\"center\"><strong>13:00<\/strong><\/td><td class=\"has-text-align-center\" data-align=\"center\"><strong>13:10<\/strong><\/td><\/tr><tr><td class=\"has-text-align-center\" data-align=\"center\"><strong>1.C<\/strong><\/td><td class=\"has-text-align-center\" data-align=\"center\"><strong>13:15<\/strong><\/td><td class=\"has-text-align-center\" data-align=\"center\"><strong>13:25<\/strong><\/td><\/tr><tr><td class=\"has-text-align-center\" data-align=\"center\"><strong>1.D<\/strong><\/td><td class=\"has-text-align-center\" data-align=\"center\"><strong>13:30<\/strong><\/td><td class=\"has-text-align-center\" data-align=\"center\"><strong>13:40<\/strong><\/td><\/tr><tr><td class=\"has-text-align-center\" data-align=\"center\"><strong>1.E<\/strong><\/td><td class=\"has-text-align-center\" data-align=\"center\"><strong>13:45<\/strong><\/td><td class=\"has-text-align-center\" data-align=\"center\"><strong>13:55<\/strong><\/td><\/tr><\/tbody><\/table><\/figure>\n\n\n\n<p><\/p>\n\n\n\n<p>Kada dobijete ud\u017ebenike, provjerite stanje i ukoliko ne\u0161to nedostaje, upisat \u0107ete u tablicu koju \u0107ete dobiti na razredne mailove. Ono \u0161to svima nedostaje su radne bilje\u017enice i ud\u017ebenici pojedinih stranih jezika \u2013 to nemojte javljati, njih \u0107ete dobiti na jesen.<\/p>\n","protected":false},"excerpt":{"rendered":"<p>Dragi u\u010denici, drage u\u010denice, dragi roditelji\/skrbnici, U nastavku su upute za povrat i preuzimanje ud\u017ebenika. Lijepo molim da se dr\u017eite rasporeda i da ne vra\u0107ate ud\u017ebenike kada nije va\u0161 termin ili ranije. Ukoliko ste sprije\u010deni predati ud\u017ebenike u navedenom terminu, dogovorite s razrednikom da ud\u017ebenike predate njemu. \u010cetvrti razredi&nbsp;\u0107e ud\u017ebenike vratiti&nbsp;u srijedu, 28. lipnja poslije [&hellip;]<\/p>\n","protected":false},"author":9,"featured_media":0,"comment_status":"closed","ping_status":"0","sticky":false,"template":"","format":"standard","meta":{"_et_pb_use_builder":"","_et_pb_old_content":"","_et_gb_content_width":"","footnotes":""},"categories":[5,4,1],"tags":[78],"class_list":["post-14777","post","type-post","status-publish","format-standard","hentry","category-aktivnosti","category-najnovije-vijesti","category-nekategorizirano","tag-udzbenici"],"_links":{"self":[{"href":"https:\/\/prva.hr\/index.php\/wp-json\/wp\/v2\/posts\/14777","targetHints":{"allow":["GET"]}}],"collection":[{"href":"https:\/\/prva.hr\/index.php\/wp-json\/wp\/v2\/posts"}],"about":[{"href":"https:\/\/prva.hr\/index.php\/wp-json\/wp\/v2\/types\/post"}],"author":[{"embeddable":true,"href":"https:\/\/prva.hr\/index.php\/wp-json\/wp\/v2\/users\/9"}],"replies":[{"embeddable":true,"href":"https:\/\/prva.hr\/index.php\/wp-json\/wp\/v2\/comments?post=14777"}],"version-history":[{"count":18,"href":"https:\/\/prva.hr\/index.php\/wp-json\/wp\/v2\/posts\/14777\/revisions"}],"predecessor-version":[{"id":14846,"href":"https:\/\/prva.hr\/index.php\/wp-json\/wp\/v2\/posts\/14777\/revisions\/14846"}],"wp:attachment":[{"href":"https:\/\/prva.hr\/index.php\/wp-json\/wp\/v2\/media?parent=14777"}],"wp:term":[{"taxonomy":"category","embeddable":true,"href":"https:\/\/prva.hr\/index.php\/wp-json\/wp\/v2\/categories?post=14777"},{"taxonomy":"post_tag","embeddable":true,"href":"https:\/\/prva.hr\/index.php\/wp-json\/wp\/v2\/tags?post=14777"}],"curies":[{"name":"wp","href":"https:\/\/api.w.org\/{rel}","templated":true}]}}